{"id":182,"date":"2019-06-13T18:00:31","date_gmt":"2019-06-13T16:00:31","guid":{"rendered":"https:\/\/www.audens.es\/sala-de-prensa\/?p=182"},"modified":"2020-10-31T00:32:42","modified_gmt":"2020-10-30T23:32:42","slug":"la1-puede-facebook-comprar-tus-datos","status":"publish","type":"post","link":"https:\/\/www.audens.es\/sala-de-prensa\/la1-puede-facebook-comprar-tus-datos\/","title":{"rendered":"La protecci\u00f3n de datos en la nueva aplicaci\u00f3n de Facebook"},"content":{"rendered":"\n<div class=\"wp-block-image\"><figure class=\"aligncenter\"><a href=\"http:\/\/bit.ly\/2Kjfm2i\" target=\"_blank\" rel=\"noreferrer noopener\"><img loading=\"lazy\" decoding=\"async\" width=\"575\" height=\"323\" src=\"https:\/\/www.audens.es\/sala-de-prensa\/wp-content\/uploads\/2019\/06\/judeltve.jpeg\" alt=\"La 1: La protecci\u00f3n de datos en la nueva aplicaci\u00f3n de Facebook\" class=\"wp-image-183\" srcset=\"https:\/\/www.audens.es\/sala-de-prensa\/wp-content\/uploads\/2019\/06\/judeltve.jpeg 575w, https:\/\/www.audens.es\/sala-de-prensa\/wp-content\/uploads\/2019\/06\/judeltve-300x169.jpeg 300w\" sizes=\"auto, (max-width: 575px) 100vw, 575px\" \/><\/a><\/figure><\/div>\n\n\n\n<p>Nuestro compa\u00f1ero <a href=\"https:\/\/www.audens.es\/marcos-judel.php\">Marcos Judel<\/a> valora en el Telediario de La 1 las implicaciones en protecci\u00f3n de datos de la nueva aplicaci\u00f3n de Facebook, si estuviese disponible en Europa.<\/p>\n\n\n\n<p>Accede a <a href=\"http:\/\/bit.ly\/2Kjfm2i\" target=\"_blank\" rel=\"noreferrer noopener\" aria-label=\" (abre en una nueva pesta\u00f1a)\">la noticia completa y al v\u00eddeo<\/a>.<\/p>\n\n\n\n<p><\/p>\n","protected":false},"excerpt":{"rendered":"Nuestro compa\u00f1ero Marcos Judel valora en el Telediario de La 1 las implicaciones en protecci\u00f3n de datos de la nueva aplicaci\u00f3n de Facebook, si estuviese disponible en Europa. <A CLASS=\"read-more\" HREF=\"https:\/\/www.audens.es\/sala-de-prensa\/la1-puede-facebook-comprar-tus-datos\/\">[+]<\/A>","protected":false},"author":2,"featured_media":0,"comment_status":"closed","ping_status":"open","sticky":false,"template":"","format":"standard","meta":{"footnotes":""},"categories":[162],"tags":[13,23],"medio":[21],"organizador":[],"class_list":["post-182","post","type-post","status-publish","format-standard","hentry","category-television","tag-marcos-judel","tag-proteccion-de-datos","medio-la1"],"_links":{"self":[{"href":"https:\/\/www.audens.es\/sala-de-prensa\/wp-json\/wp\/v2\/posts\/182","targetHints":{"allow":["GET"]}}],"collection":[{"href":"https:\/\/www.audens.es\/sala-de-prensa\/wp-json\/wp\/v2\/posts"}],"about":[{"href":"https:\/\/www.audens.es\/sala-de-prensa\/wp-json\/wp\/v2\/types\/post"}],"author":[{"embeddable":true,"href":"https:\/\/www.audens.es\/sala-de-prensa\/wp-json\/wp\/v2\/users\/2"}],"replies":[{"embeddable":true,"href":"https:\/\/www.audens.es\/sala-de-prensa\/wp-json\/wp\/v2\/comments?post=182"}],"version-history":[{"count":5,"href":"https:\/\/www.audens.es\/sala-de-prensa\/wp-json\/wp\/v2\/posts\/182\/revisions"}],"predecessor-version":[{"id":601,"href":"https:\/\/www.audens.es\/sala-de-prensa\/wp-json\/wp\/v2\/posts\/182\/revisions\/601"}],"wp:attachment":[{"href":"https:\/\/www.audens.es\/sala-de-prensa\/wp-json\/wp\/v2\/media?parent=182"}],"wp:term":[{"taxonomy":"category","embeddable":true,"href":"https:\/\/www.audens.es\/sala-de-prensa\/wp-json\/wp\/v2\/categories?post=182"},{"taxonomy":"post_tag","embeddable":true,"href":"https:\/\/www.audens.es\/sala-de-prensa\/wp-json\/wp\/v2\/tags?post=182"},{"taxonomy":"medio","embeddable":true,"href":"https:\/\/www.audens.es\/sala-de-prensa\/wp-json\/wp\/v2\/medio?post=182"},{"taxonomy":"organizador","embeddable":true,"href":"https:\/\/www.audens.es\/sala-de-prensa\/wp-json\/wp\/v2\/organizador?post=182"}],"curies":[{"name":"wp","href":"https:\/\/api.w.org\/{rel}","templated":true}]}}