{"id":1816,"date":"2022-09-29T12:30:00","date_gmt":"2022-09-29T10:30:00","guid":{"rendered":"https:\/\/www.audens.es\/sala-de-prensa\/?p=1816"},"modified":"2024-08-19T02:57:38","modified_gmt":"2024-08-19T00:57:38","slug":"training-of-lawyers-on-eu-instruments-on-insolvency-law","status":"publish","type":"post","link":"https:\/\/www.audens.es\/sala-de-prensa\/training-of-lawyers-on-eu-instruments-on-insolvency-law\/","title":{"rendered":"\u00abTraining of lawyers on EU instruments on Insolvency Law\u00bb"},"content":{"rendered":"<div class=\"wp-block-image\">\n<figure class=\"aligncenter size-full\"><img loading=\"lazy\" decoding=\"async\" width=\"525\" height=\"369\" src=\"https:\/\/www.audens.es\/sala-de-prensa\/wp-content\/uploads\/2022\/09\/training.jpg\" alt=\"\" class=\"wp-image-2119\" srcset=\"https:\/\/www.audens.es\/sala-de-prensa\/wp-content\/uploads\/2022\/09\/training.jpg 525w, https:\/\/www.audens.es\/sala-de-prensa\/wp-content\/uploads\/2022\/09\/training-300x211.jpg 300w\" sizes=\"auto, (max-width: 525px) 100vw, 525px\" \/><\/figure>\n<\/div>\n\n\n<p>Nuestro compa\u00f1ero <a href=\"https:\/\/www.audens.es\/leandro-nunez.php\">Leandro N\u00fa\u00f1ez<\/a> participar\u00e1 el 7 de octubre en la jornada <em>\u00abTraining of lawyers on EU instruments on Insolvency Law\u00bb<\/em>, organizada por el Ilustre Colegio de la Abogac\u00eda de Bizkaia (ICASV) y la European Lawyers Foundation (ELF), en una ponencia titulada <em>\u00abData Protection issues related to insolvency\u00bb<\/em>.<\/p>\n\n\n\n<p>Puedes <a href=\"http:\/\/www.icasv-bilbao.com\/images\/jornadas\/2022\/CIVILAW%20(Programme).pdf\" target=\"_blank\" rel=\"noreferrer noopener\">ver el programa completo<\/a>.<\/p>\n","protected":false},"excerpt":{"rendered":"Leandro N\u00fa\u00f1ez participar\u00e1 en la jornada \u00abTraining of lawyers on EU instruments on Insolvency Law\u00bb, donde hablar\u00e1 sobre Protecci\u00f3n de Datos relacionados con la insolvencia. <A CLASS=\"read-more\" HREF=\"https:\/\/www.audens.es\/sala-de-prensa\/training-of-lawyers-on-eu-instruments-on-insolvency-law\/\">[+]<\/A>","protected":false},"author":2,"featured_media":0,"comment_status":"closed","ping_status":"open","sticky":false,"template":"","format":"standard","meta":{"footnotes":""},"categories":[2],"tags":[7,23],"medio":[],"organizador":[98],"class_list":["post-1816","post","type-post","status-publish","format-standard","hentry","category-eventos","tag-leandro-nunez","tag-proteccion-de-datos","organizador-icasv"],"_links":{"self":[{"href":"https:\/\/www.audens.es\/sala-de-prensa\/wp-json\/wp\/v2\/posts\/1816","targetHints":{"allow":["GET"]}}],"collection":[{"href":"https:\/\/www.audens.es\/sala-de-prensa\/wp-json\/wp\/v2\/posts"}],"about":[{"href":"https:\/\/www.audens.es\/sala-de-prensa\/wp-json\/wp\/v2\/types\/post"}],"author":[{"embeddable":true,"href":"https:\/\/www.audens.es\/sala-de-prensa\/wp-json\/wp\/v2\/users\/2"}],"replies":[{"embeddable":true,"href":"https:\/\/www.audens.es\/sala-de-prensa\/wp-json\/wp\/v2\/comments?post=1816"}],"version-history":[{"count":4,"href":"https:\/\/www.audens.es\/sala-de-prensa\/wp-json\/wp\/v2\/posts\/1816\/revisions"}],"predecessor-version":[{"id":2120,"href":"https:\/\/www.audens.es\/sala-de-prensa\/wp-json\/wp\/v2\/posts\/1816\/revisions\/2120"}],"wp:attachment":[{"href":"https:\/\/www.audens.es\/sala-de-prensa\/wp-json\/wp\/v2\/media?parent=1816"}],"wp:term":[{"taxonomy":"category","embeddable":true,"href":"https:\/\/www.audens.es\/sala-de-prensa\/wp-json\/wp\/v2\/categories?post=1816"},{"taxonomy":"post_tag","embeddable":true,"href":"https:\/\/www.audens.es\/sala-de-prensa\/wp-json\/wp\/v2\/tags?post=1816"},{"taxonomy":"medio","embeddable":true,"href":"https:\/\/www.audens.es\/sala-de-prensa\/wp-json\/wp\/v2\/medio?post=1816"},{"taxonomy":"organizador","embeddable":true,"href":"https:\/\/www.audens.es\/sala-de-prensa\/wp-json\/wp\/v2\/organizador?post=1816"}],"curies":[{"name":"wp","href":"https:\/\/api.w.org\/{rel}","templated":true}]}}