{"id":1789,"date":"2022-06-23T14:00:00","date_gmt":"2022-06-23T12:00:00","guid":{"rendered":"https:\/\/www.audens.es\/sala-de-prensa\/?p=1789"},"modified":"2022-08-05T10:19:33","modified_gmt":"2022-08-05T08:19:33","slug":"radio-galega-es-delito-difundir-un-video-intimo-sin-permiso","status":"publish","type":"post","link":"https:\/\/www.audens.es\/sala-de-prensa\/radio-galega-es-delito-difundir-un-video-intimo-sin-permiso\/","title":{"rendered":"\u00bfEs delito difundir un v\u00eddeo \u00edntimo sin permiso?"},"content":{"rendered":"<div class=\"wp-block-image\">\n<figure class=\"aligncenter size-full\"><img loading=\"lazy\" decoding=\"async\" width=\"575\" height=\"368\" src=\"https:\/\/www.audens.es\/sala-de-prensa\/wp-content\/uploads\/2022\/08\/video.jpg\" alt=\"\" class=\"wp-image-1790\" srcset=\"https:\/\/www.audens.es\/sala-de-prensa\/wp-content\/uploads\/2022\/08\/video.jpg 575w, https:\/\/www.audens.es\/sala-de-prensa\/wp-content\/uploads\/2022\/08\/video-300x192.jpg 300w\" sizes=\"auto, (max-width: 575px) 100vw, 575px\" \/><\/figure>\n<\/div>\n\n\n<p><a href=\"https:\/\/www.audens.es\/leandro-nunez.php\">Leandro N\u00fa\u00f1ez<\/a> ha intervenido en el programa \u00abGalicia por Diante\u00bb, de Radio Galega, para mostrar su opini\u00f3n acerca de la viralizaci\u00f3n de un v\u00eddeo sexual de un conocido presentador de TV.<\/p>\n\n\n\n<p>Puedes <a href=\"http:\/\/www.crtvg.es\/rg\/podcast\/galicia-por-diante-galicia-por-diante-do-dia-23-06-2022-5720126?t=2702\" target=\"_blank\" rel=\"noreferrer noopener\">acceder al audio<\/a>, a partir del minuto 42:12.<\/p>\n","protected":false},"excerpt":{"rendered":"Leandro N\u00fa\u00f1ez ha intervenido en Radio Galega, para mostrar su opini\u00f3n acerca de la viralizaci\u00f3n de un v\u00eddeo sexual de un conocido presentador de TV. <A CLASS=\"read-more\" HREF=\"https:\/\/www.audens.es\/sala-de-prensa\/radio-galega-es-delito-difundir-un-video-intimo-sin-permiso\/\">[+]<\/A>","protected":false},"author":2,"featured_media":0,"comment_status":"closed","ping_status":"open","sticky":false,"template":"","format":"standard","meta":{"footnotes":""},"categories":[163],"tags":[84,49,7],"medio":[208],"organizador":[],"class_list":["post-1789","post","type-post","status-publish","format-standard","hentry","category-radio","tag-delitos-informaticos","tag-intimidad","tag-leandro-nunez","medio-radio-galega"],"_links":{"self":[{"href":"https:\/\/www.audens.es\/sala-de-prensa\/wp-json\/wp\/v2\/posts\/1789","targetHints":{"allow":["GET"]}}],"collection":[{"href":"https:\/\/www.audens.es\/sala-de-prensa\/wp-json\/wp\/v2\/posts"}],"about":[{"href":"https:\/\/www.audens.es\/sala-de-prensa\/wp-json\/wp\/v2\/types\/post"}],"author":[{"embeddable":true,"href":"https:\/\/www.audens.es\/sala-de-prensa\/wp-json\/wp\/v2\/users\/2"}],"replies":[{"embeddable":true,"href":"https:\/\/www.audens.es\/sala-de-prensa\/wp-json\/wp\/v2\/comments?post=1789"}],"version-history":[{"count":2,"href":"https:\/\/www.audens.es\/sala-de-prensa\/wp-json\/wp\/v2\/posts\/1789\/revisions"}],"predecessor-version":[{"id":1794,"href":"https:\/\/www.audens.es\/sala-de-prensa\/wp-json\/wp\/v2\/posts\/1789\/revisions\/1794"}],"wp:attachment":[{"href":"https:\/\/www.audens.es\/sala-de-prensa\/wp-json\/wp\/v2\/media?parent=1789"}],"wp:term":[{"taxonomy":"category","embeddable":true,"href":"https:\/\/www.audens.es\/sala-de-prensa\/wp-json\/wp\/v2\/categories?post=1789"},{"taxonomy":"post_tag","embeddable":true,"href":"https:\/\/www.audens.es\/sala-de-prensa\/wp-json\/wp\/v2\/tags?post=1789"},{"taxonomy":"medio","embeddable":true,"href":"https:\/\/www.audens.es\/sala-de-prensa\/wp-json\/wp\/v2\/medio?post=1789"},{"taxonomy":"organizador","embeddable":true,"href":"https:\/\/www.audens.es\/sala-de-prensa\/wp-json\/wp\/v2\/organizador?post=1789"}],"curies":[{"name":"wp","href":"https:\/\/api.w.org\/{rel}","templated":true}]}}