{"id":1763,"date":"2022-05-09T15:00:00","date_gmt":"2022-05-09T13:00:00","guid":{"rendered":"https:\/\/www.audens.es\/sala-de-prensa\/?p=1763"},"modified":"2022-08-03T09:56:23","modified_gmt":"2022-08-03T07:56:23","slug":"confilegal-los-resultados-de-pruebas-covid-son-confidenciales-hasta-para-tus-jefes","status":"publish","type":"post","link":"https:\/\/www.audens.es\/sala-de-prensa\/confilegal-los-resultados-de-pruebas-covid-son-confidenciales-hasta-para-tus-jefes\/","title":{"rendered":"Los resultados de pruebas Covid son confidenciales, hasta para tus jefes"},"content":{"rendered":"<div class=\"wp-block-image\">\n<figure class=\"aligncenter size-full\"><img loading=\"lazy\" decoding=\"async\" width=\"575\" height=\"368\" src=\"https:\/\/www.audens.es\/sala-de-prensa\/wp-content\/uploads\/2022\/08\/testcovid.jpg\" alt=\"\" class=\"wp-image-1765\" srcset=\"https:\/\/www.audens.es\/sala-de-prensa\/wp-content\/uploads\/2022\/08\/testcovid.jpg 575w, https:\/\/www.audens.es\/sala-de-prensa\/wp-content\/uploads\/2022\/08\/testcovid-300x192.jpg 300w\" sizes=\"auto, (max-width: 575px) 100vw, 575px\" \/><\/figure>\n<\/div>\n\n\n<p>La Agencia Espa\u00f1ola de Protecci\u00f3n de Datos (AEPD) ha multado a una empresa del sector sanitario con motivo de la vulneraci\u00f3n del deber de confidencialidad, tras haber comunicado los resultados de pruebas de la COVID-19 de funcionarios a un concejal de un ayuntamiento. Confilegal ha contado con nuestro compa\u00f1ero <a href=\"https:\/\/www.audens.es\/leandro-nunez.php\">Leandro N\u00fa\u00f1ez<\/a> para analizar el caso: \u00abLa informaci\u00f3n que se trate de un trabajador a trav\u00e9s de un informe m\u00e9dico, sea el tipo de examen que sea, debe cumplir con el principio de minimizaci\u00f3n. Esto supone darle a la empresa la m\u00ednima informaci\u00f3n necesaria para que pueda cumplir con su funci\u00f3n\u00bb, apunta.<\/p>\n\n\n\n<p>Foto: <a href=\"https:\/\/www.pexels.com\/es-es\/foto\/manos-oficina-sujetando-papel-7578813\/\" data-type=\"URL\" data-id=\"https:\/\/www.pexels.com\/es-es\/foto\/manos-oficina-sujetando-papel-7578813\/\" target=\"_blank\" rel=\"noreferrer noopener\">cottonbro<\/a>, (v\u00eda Pexels)<br>Puedes <a href=\"https:\/\/confilegal.com\/20220509-aepd-sanciona-con-20-000-euros-a-un-centro-medico-por-vulnerar-la-confidencialidad-de-las-pruebas-covid-de-una-trabajadora\/\" target=\"_blank\" rel=\"noreferrer noopener\">leer el art\u00edculo completo.<\/a><\/p>\n","protected":false},"excerpt":{"rendered":"Leandro N\u00fa\u00f1ez opina para Confilegal acerca de la sanci\u00f3n de la AEPD a una empresa por comunicar resultados de test Covid de funcionarios al concejal de un ayuntamiento. <A CLASS=\"read-more\" HREF=\"https:\/\/www.audens.es\/sala-de-prensa\/confilegal-los-resultados-de-pruebas-covid-son-confidenciales-hasta-para-tus-jefes\/\">[+]<\/A>","protected":false},"author":2,"featured_media":0,"comment_status":"closed","ping_status":"open","sticky":false,"template":"","format":"standard","meta":{"footnotes":""},"categories":[164],"tags":[7,23],"medio":[29],"organizador":[],"class_list":["post-1763","post","type-post","status-publish","format-standard","hentry","category-prensa-escrita","tag-leandro-nunez","tag-proteccion-de-datos","medio-confilegal"],"_links":{"self":[{"href":"https:\/\/www.audens.es\/sala-de-prensa\/wp-json\/wp\/v2\/posts\/1763","targetHints":{"allow":["GET"]}}],"collection":[{"href":"https:\/\/www.audens.es\/sala-de-prensa\/wp-json\/wp\/v2\/posts"}],"about":[{"href":"https:\/\/www.audens.es\/sala-de-prensa\/wp-json\/wp\/v2\/types\/post"}],"author":[{"embeddable":true,"href":"https:\/\/www.audens.es\/sala-de-prensa\/wp-json\/wp\/v2\/users\/2"}],"replies":[{"embeddable":true,"href":"https:\/\/www.audens.es\/sala-de-prensa\/wp-json\/wp\/v2\/comments?post=1763"}],"version-history":[{"count":3,"href":"https:\/\/www.audens.es\/sala-de-prensa\/wp-json\/wp\/v2\/posts\/1763\/revisions"}],"predecessor-version":[{"id":1779,"href":"https:\/\/www.audens.es\/sala-de-prensa\/wp-json\/wp\/v2\/posts\/1763\/revisions\/1779"}],"wp:attachment":[{"href":"https:\/\/www.audens.es\/sala-de-prensa\/wp-json\/wp\/v2\/media?parent=1763"}],"wp:term":[{"taxonomy":"category","embeddable":true,"href":"https:\/\/www.audens.es\/sala-de-prensa\/wp-json\/wp\/v2\/categories?post=1763"},{"taxonomy":"post_tag","embeddable":true,"href":"https:\/\/www.audens.es\/sala-de-prensa\/wp-json\/wp\/v2\/tags?post=1763"},{"taxonomy":"medio","embeddable":true,"href":"https:\/\/www.audens.es\/sala-de-prensa\/wp-json\/wp\/v2\/medio?post=1763"},{"taxonomy":"organizador","embeddable":true,"href":"https:\/\/www.audens.es\/sala-de-prensa\/wp-json\/wp\/v2\/organizador?post=1763"}],"curies":[{"name":"wp","href":"https:\/\/api.w.org\/{rel}","templated":true}]}}