{"id":176,"date":"2014-05-30T12:00:13","date_gmt":"2014-05-30T10:00:13","guid":{"rendered":"https:\/\/www.audens.es\/sala-de-prensa\/?p=176"},"modified":"2021-08-16T12:00:53","modified_gmt":"2021-08-16T10:00:53","slug":"heraldo-de-aragon-el-futuro-de-la-red-a-debate-en-zaragoza","status":"publish","type":"post","link":"https:\/\/www.audens.es\/sala-de-prensa\/heraldo-de-aragon-el-futuro-de-la-red-a-debate-en-zaragoza\/","title":{"rendered":"El futuro de Internet, a debate"},"content":{"rendered":"\n<div class=\"wp-block-image\"><figure class=\"aligncenter size-full\"><img loading=\"lazy\" decoding=\"async\" width=\"525\" height=\"295\" src=\"https:\/\/www.audens.es\/sala-de-prensa\/wp-content\/uploads\/2021\/08\/foro.jpg\" alt=\"\" class=\"wp-image-1455\" srcset=\"https:\/\/www.audens.es\/sala-de-prensa\/wp-content\/uploads\/2021\/08\/foro.jpg 525w, https:\/\/www.audens.es\/sala-de-prensa\/wp-content\/uploads\/2021\/08\/foro-300x169.jpg 300w\" sizes=\"auto, (max-width: 525px) 100vw, 525px\" \/><\/figure><\/div>\n\n\n\n<p>Estos d\u00edas se est\u00e1n celebrando en Zaragoza las IV Jornadas del Foro de la Gobernanza de Internet en Espa\u00f1a, en las que participa nuestro compa\u00f1ero <a href=\"https:\/\/www.audens.es\/leandro-nunez.php\">Leandro N\u00fa\u00f1ez<\/a>. El Heraldo de Arag\u00f3n ha empleado unas declaraciones suyas para conformar la pieza con la que ha dado cobertura a este evento.<\/p>\n","protected":false},"excerpt":{"rendered":"Estos d\u00edas se est\u00e1n celebrando en Zaragoza las IV Jornadas del Foro de la Gobernanza de Internet en Espa\u00f1a, en las que participa nuestro compa\u00f1ero Leandro N\u00fa\u00f1ez. El Heraldo de Arag\u00f3n ha empleado unas declaraciones suyas para conformar la pieza con la que ha dado cobertura a este evento. <A CLASS=\"read-more\" HREF=\"https:\/\/www.audens.es\/sala-de-prensa\/heraldo-de-aragon-el-futuro-de-la-red-a-debate-en-zaragoza\/\">[+]<\/A>","protected":false},"author":1,"featured_media":0,"comment_status":"closed","ping_status":"open","sticky":false,"template":"","format":"standard","meta":{"footnotes":""},"categories":[164],"tags":[60,59,7],"medio":[],"organizador":[],"class_list":["post-176","post","type-post","status-publish","format-standard","hentry","category-prensa-escrita","tag-heraldo-de-aragon","tag-igf-spain","tag-leandro-nunez"],"_links":{"self":[{"href":"https:\/\/www.audens.es\/sala-de-prensa\/wp-json\/wp\/v2\/posts\/176","targetHints":{"allow":["GET"]}}],"collection":[{"href":"https:\/\/www.audens.es\/sala-de-prensa\/wp-json\/wp\/v2\/posts"}],"about":[{"href":"https:\/\/www.audens.es\/sala-de-prensa\/wp-json\/wp\/v2\/types\/post"}],"author":[{"embeddable":true,"href":"https:\/\/www.audens.es\/sala-de-prensa\/wp-json\/wp\/v2\/users\/1"}],"replies":[{"embeddable":true,"href":"https:\/\/www.audens.es\/sala-de-prensa\/wp-json\/wp\/v2\/comments?post=176"}],"version-history":[{"count":2,"href":"https:\/\/www.audens.es\/sala-de-prensa\/wp-json\/wp\/v2\/posts\/176\/revisions"}],"predecessor-version":[{"id":1457,"href":"https:\/\/www.audens.es\/sala-de-prensa\/wp-json\/wp\/v2\/posts\/176\/revisions\/1457"}],"wp:attachment":[{"href":"https:\/\/www.audens.es\/sala-de-prensa\/wp-json\/wp\/v2\/media?parent=176"}],"wp:term":[{"taxonomy":"category","embeddable":true,"href":"https:\/\/www.audens.es\/sala-de-prensa\/wp-json\/wp\/v2\/categories?post=176"},{"taxonomy":"post_tag","embeddable":true,"href":"https:\/\/www.audens.es\/sala-de-prensa\/wp-json\/wp\/v2\/tags?post=176"},{"taxonomy":"medio","embeddable":true,"href":"https:\/\/www.audens.es\/sala-de-prensa\/wp-json\/wp\/v2\/medio?post=176"},{"taxonomy":"organizador","embeddable":true,"href":"https:\/\/www.audens.es\/sala-de-prensa\/wp-json\/wp\/v2\/organizador?post=176"}],"curies":[{"name":"wp","href":"https:\/\/api.w.org\/{rel}","templated":true}]}}