{"id":1745,"date":"2022-06-14T16:40:00","date_gmt":"2022-06-14T14:40:00","guid":{"rendered":"https:\/\/www.audens.es\/sala-de-prensa\/?p=1745"},"modified":"2026-01-25T18:57:01","modified_gmt":"2026-01-25T17:57:01","slug":"viii-congreso-internacional-de-privacidad","status":"publish","type":"post","link":"https:\/\/www.audens.es\/sala-de-prensa\/viii-congreso-internacional-de-privacidad\/","title":{"rendered":"VIII Congreso Internacional de Privacidad"},"content":{"rendered":"<div class=\"wp-block-image\">\n<figure class=\"aligncenter size-full\"><img loading=\"lazy\" decoding=\"async\" width=\"575\" height=\"143\" src=\"https:\/\/www.audens.es\/sala-de-prensa\/wp-content\/uploads\/2022\/06\/apep.png\" alt=\"\" class=\"wp-image-1746\" srcset=\"https:\/\/www.audens.es\/sala-de-prensa\/wp-content\/uploads\/2022\/06\/apep.png 575w, https:\/\/www.audens.es\/sala-de-prensa\/wp-content\/uploads\/2022\/06\/apep-300x75.png 300w\" sizes=\"auto, (max-width: 575px) 100vw, 575px\" \/><\/figure>\n<\/div>\n\n\n<p>La Asociaci\u00f3n Profesional Espa\u00f1ola de Privacidad (APEP) organiza su VIII Congreso Internacional de Privacidad los d\u00edas 16 y 17 de junio. Abrir\u00e1 la jornada nuestro compa\u00f1ero <a href=\"https:\/\/www.audens.es\/marcos-judel.php\">Marcos Judel<\/a> como presidente de la Asociaci\u00f3n, y el viernes 17 presentar\u00e1 a la Directora de la Agencia Espa\u00f1ola de Protecci\u00f3n de Datos, Mar Espa\u00f1a.<\/p>\n\n\n\n<p>El evento acoge a las autoridades y profesionales de la protecci\u00f3n de datos m\u00e1s relevantes de nuestro pa\u00eds y se tratar\u00e1n las novedades legislativas y juriprudenciales en la materia, as\u00ed como los retos para los delegados de protecci\u00f3n de datos. <\/p>\n\n\n\n<p>Puedes <a href=\"https:\/\/congreso.apep.es\/agenda\/#toggle-id-1\">acceder al programa<\/a>.<\/p>\n","protected":false},"excerpt":{"rendered":"La Asociaci\u00f3n Profesional Espa\u00f1ola de Privacidad (APEP) organiza su VIII Congreso Internacional de Privacidad los d\u00edas 16 y 17 de junio. <A CLASS=\"read-more\" HREF=\"https:\/\/www.audens.es\/sala-de-prensa\/viii-congreso-internacional-de-privacidad\/\">[+]<\/A>","protected":false},"author":2,"featured_media":0,"comment_status":"closed","ping_status":"open","sticky":false,"template":"","format":"standard","meta":{"footnotes":""},"categories":[2],"tags":[13,23],"medio":[],"organizador":[272],"class_list":["post-1745","post","type-post","status-publish","format-standard","hentry","category-eventos","tag-marcos-judel","tag-proteccion-de-datos","organizador-apep"],"_links":{"self":[{"href":"https:\/\/www.audens.es\/sala-de-prensa\/wp-json\/wp\/v2\/posts\/1745","targetHints":{"allow":["GET"]}}],"collection":[{"href":"https:\/\/www.audens.es\/sala-de-prensa\/wp-json\/wp\/v2\/posts"}],"about":[{"href":"https:\/\/www.audens.es\/sala-de-prensa\/wp-json\/wp\/v2\/types\/post"}],"author":[{"embeddable":true,"href":"https:\/\/www.audens.es\/sala-de-prensa\/wp-json\/wp\/v2\/users\/2"}],"replies":[{"embeddable":true,"href":"https:\/\/www.audens.es\/sala-de-prensa\/wp-json\/wp\/v2\/comments?post=1745"}],"version-history":[{"count":4,"href":"https:\/\/www.audens.es\/sala-de-prensa\/wp-json\/wp\/v2\/posts\/1745\/revisions"}],"predecessor-version":[{"id":1760,"href":"https:\/\/www.audens.es\/sala-de-prensa\/wp-json\/wp\/v2\/posts\/1745\/revisions\/1760"}],"wp:attachment":[{"href":"https:\/\/www.audens.es\/sala-de-prensa\/wp-json\/wp\/v2\/media?parent=1745"}],"wp:term":[{"taxonomy":"category","embeddable":true,"href":"https:\/\/www.audens.es\/sala-de-prensa\/wp-json\/wp\/v2\/categories?post=1745"},{"taxonomy":"post_tag","embeddable":true,"href":"https:\/\/www.audens.es\/sala-de-prensa\/wp-json\/wp\/v2\/tags?post=1745"},{"taxonomy":"medio","embeddable":true,"href":"https:\/\/www.audens.es\/sala-de-prensa\/wp-json\/wp\/v2\/medio?post=1745"},{"taxonomy":"organizador","embeddable":true,"href":"https:\/\/www.audens.es\/sala-de-prensa\/wp-json\/wp\/v2\/organizador?post=1745"}],"curies":[{"name":"wp","href":"https:\/\/api.w.org\/{rel}","templated":true}]}}