{"id":172,"date":"2014-05-14T12:00:50","date_gmt":"2014-05-14T10:00:50","guid":{"rendered":"https:\/\/www.audens.es\/sala-de-prensa\/?p=172"},"modified":"2021-08-16T13:24:31","modified_gmt":"2021-08-16T11:24:31","slug":"el-correo-google-olvidate-de-mi","status":"publish","type":"post","link":"https:\/\/www.audens.es\/sala-de-prensa\/el-correo-google-olvidate-de-mi\/","title":{"rendered":"Google, olv\u00eddate de m\u00ed"},"content":{"rendered":"\n<div class=\"wp-block-image\"><figure class=\"aligncenter size-full\"><img loading=\"lazy\" decoding=\"async\" width=\"525\" height=\"350\" src=\"https:\/\/www.audens.es\/sala-de-prensa\/wp-content\/uploads\/2021\/08\/reciclaje.jpg\" alt=\"\" class=\"wp-image-1459\" srcset=\"https:\/\/www.audens.es\/sala-de-prensa\/wp-content\/uploads\/2021\/08\/reciclaje.jpg 525w, https:\/\/www.audens.es\/sala-de-prensa\/wp-content\/uploads\/2021\/08\/reciclaje-300x200.jpg 300w\" sizes=\"auto, (max-width: 525px) 100vw, 525px\" \/><\/figure><\/div>\n\n\n\n<p>Reportaje sobre la llamada \u00absentencia Costeja\u00bb, por la que el Tribunal de Justicia de la Uni\u00f3n Europeo reconoce el llamado \u00abderecho al olvido\u00bb frente a los buscadores de Internet. Participa nuestro compa\u00f1ero <a href=\"https:\/\/www.audens.es\/leandro-nunez.php\">Leandro N\u00fa\u00f1ez<\/a>, opinando acerca su importancia para reaccionar frente al afloramiento en buscadores de informaciones antiguas y olvidadas que, en ocasiones, perjudican a los ciudadanos.<\/p>\n\n\n\n<p>Foto: <a href=\"https:\/\/unsplash.com\/photos\/aI4RJ--Mw4I\">Sigmund<\/a> (v\u00eda Unsplash)<\/p>\n","protected":false},"excerpt":{"rendered":"Reportaje sobre la llamada \u00absentencia Costeja\u00bb, por la que el Tribunal de Justicia de la Uni\u00f3n Europeo reconoce el llamado \u00abderecho al olvido\u00bb frente a los buscadores de Internet. Participa nuestro compa\u00f1ero Leandro N\u00fa\u00f1ez, opinando acerca su importancia para reaccionar frente al afloramiento en buscadores de informaciones antiguas y olvidadas que, en ocasiones, perjudican a [&hellip;] <A CLASS=\"read-more\" HREF=\"https:\/\/www.audens.es\/sala-de-prensa\/el-correo-google-olvidate-de-mi\/\">[+]<\/A>","protected":false},"author":1,"featured_media":0,"comment_status":"closed","ping_status":"open","sticky":false,"template":"","format":"standard","meta":{"footnotes":""},"categories":[164],"tags":[7,23],"medio":[58],"organizador":[],"class_list":["post-172","post","type-post","status-publish","format-standard","hentry","category-prensa-escrita","tag-leandro-nunez","tag-proteccion-de-datos","medio-el-correo"],"_links":{"self":[{"href":"https:\/\/www.audens.es\/sala-de-prensa\/wp-json\/wp\/v2\/posts\/172","targetHints":{"allow":["GET"]}}],"collection":[{"href":"https:\/\/www.audens.es\/sala-de-prensa\/wp-json\/wp\/v2\/posts"}],"about":[{"href":"https:\/\/www.audens.es\/sala-de-prensa\/wp-json\/wp\/v2\/types\/post"}],"author":[{"embeddable":true,"href":"https:\/\/www.audens.es\/sala-de-prensa\/wp-json\/wp\/v2\/users\/1"}],"replies":[{"embeddable":true,"href":"https:\/\/www.audens.es\/sala-de-prensa\/wp-json\/wp\/v2\/comments?post=172"}],"version-history":[{"count":3,"href":"https:\/\/www.audens.es\/sala-de-prensa\/wp-json\/wp\/v2\/posts\/172\/revisions"}],"predecessor-version":[{"id":1460,"href":"https:\/\/www.audens.es\/sala-de-prensa\/wp-json\/wp\/v2\/posts\/172\/revisions\/1460"}],"wp:attachment":[{"href":"https:\/\/www.audens.es\/sala-de-prensa\/wp-json\/wp\/v2\/media?parent=172"}],"wp:term":[{"taxonomy":"category","embeddable":true,"href":"https:\/\/www.audens.es\/sala-de-prensa\/wp-json\/wp\/v2\/categories?post=172"},{"taxonomy":"post_tag","embeddable":true,"href":"https:\/\/www.audens.es\/sala-de-prensa\/wp-json\/wp\/v2\/tags?post=172"},{"taxonomy":"medio","embeddable":true,"href":"https:\/\/www.audens.es\/sala-de-prensa\/wp-json\/wp\/v2\/medio?post=172"},{"taxonomy":"organizador","embeddable":true,"href":"https:\/\/www.audens.es\/sala-de-prensa\/wp-json\/wp\/v2\/organizador?post=172"}],"curies":[{"name":"wp","href":"https:\/\/api.w.org\/{rel}","templated":true}]}}