{"id":1718,"date":"2022-05-02T14:30:00","date_gmt":"2022-05-02T12:30:00","guid":{"rendered":"https:\/\/www.audens.es\/sala-de-prensa\/?p=1718"},"modified":"2022-06-07T20:40:01","modified_gmt":"2022-06-07T18:40:01","slug":"cinco-dias-como-aportar-evidencias-electronicas-en-un-juicio","status":"publish","type":"post","link":"https:\/\/www.audens.es\/sala-de-prensa\/cinco-dias-como-aportar-evidencias-electronicas-en-un-juicio\/","title":{"rendered":"\u00bfC\u00f3mo aportar evidencias electr\u00f3nicas en un juicio?"},"content":{"rendered":"<div class=\"wp-block-image\">\n<figure class=\"aligncenter size-full\"><img loading=\"lazy\" decoding=\"async\" width=\"563\" height=\"348\" src=\"https:\/\/www.audens.es\/sala-de-prensa\/wp-content\/uploads\/2022\/05\/cd-1.jpg\" alt=\"\" class=\"wp-image-1720\" srcset=\"https:\/\/www.audens.es\/sala-de-prensa\/wp-content\/uploads\/2022\/05\/cd-1.jpg 563w, https:\/\/www.audens.es\/sala-de-prensa\/wp-content\/uploads\/2022\/05\/cd-1-300x185.jpg 300w\" sizes=\"auto, (max-width: 563px) 100vw, 563px\" \/><\/figure>\n<\/div>\n\n\n<p>Cada vez es m\u00e1s com\u00fan  que, en un proceso judicial, se aporten a modo de prueba correos electr\u00f3nicos, conversaciones de\u00a0Whatsapp\u00a0o mensajes SMS. Aportarlos \u00fanicamente mediante un PDF o una captura de pantalla no es lo m\u00e1s conveniente: lo ideal es presentarlos tambi\u00e9n en su formato original. Cinco D\u00edas ha publicado un art\u00edculo para el que ha contado con nuestra compa\u00f1era <a href=\"https:\/\/www.audens.es\/maitane-valdecantos.php\">Maitane Valdecantos<\/a>, que destaca que para presentar una prueba de este tipo y que no se rechace, resulta imprescindible llevar a cabo el denominado \u00abtest de admisibilidad\u00bb.<\/p>\n\n\n\n<p>Foto: <a rel=\"noreferrer noopener\" href=\"https:\/\/unsplash.com\/@lucky_alamanda?utm_source=unsplash&amp;utm_medium=referral&amp;utm_content=creditCopyText\" target=\"_blank\">Lucky Alamanda<\/a>, (v\u00eda Unsplash)<br>Puedes <a href=\"https:\/\/cincodias.elpais.com\/cincodias\/2022\/04\/28\/legal\/1651163375_693118.html\" target=\"_blank\" rel=\"noreferrer noopener\">leer el art\u00edculo completo<\/a>.<\/p>\n","protected":false},"excerpt":{"rendered":"Maitane Valdecantos ha opinado para Cinco D\u00edas sobre la obligaci\u00f3n de presentar pruebas en formado digital en los procedimientos judiciales. <A CLASS=\"read-more\" HREF=\"https:\/\/www.audens.es\/sala-de-prensa\/cinco-dias-como-aportar-evidencias-electronicas-en-un-juicio\/\">[+]<\/A>","protected":false},"author":2,"featured_media":0,"comment_status":"closed","ping_status":"open","sticky":false,"template":"","format":"standard","meta":{"footnotes":""},"categories":[164],"tags":[49,12,23],"medio":[48],"organizador":[],"class_list":["post-1718","post","type-post","status-publish","format-standard","hentry","category-prensa-escrita","tag-intimidad","tag-maitane-valdecantos","tag-proteccion-de-datos","medio-cinco-dias"],"_links":{"self":[{"href":"https:\/\/www.audens.es\/sala-de-prensa\/wp-json\/wp\/v2\/posts\/1718","targetHints":{"allow":["GET"]}}],"collection":[{"href":"https:\/\/www.audens.es\/sala-de-prensa\/wp-json\/wp\/v2\/posts"}],"about":[{"href":"https:\/\/www.audens.es\/sala-de-prensa\/wp-json\/wp\/v2\/types\/post"}],"author":[{"embeddable":true,"href":"https:\/\/www.audens.es\/sala-de-prensa\/wp-json\/wp\/v2\/users\/2"}],"replies":[{"embeddable":true,"href":"https:\/\/www.audens.es\/sala-de-prensa\/wp-json\/wp\/v2\/comments?post=1718"}],"version-history":[{"count":6,"href":"https:\/\/www.audens.es\/sala-de-prensa\/wp-json\/wp\/v2\/posts\/1718\/revisions"}],"predecessor-version":[{"id":1743,"href":"https:\/\/www.audens.es\/sala-de-prensa\/wp-json\/wp\/v2\/posts\/1718\/revisions\/1743"}],"wp:attachment":[{"href":"https:\/\/www.audens.es\/sala-de-prensa\/wp-json\/wp\/v2\/media?parent=1718"}],"wp:term":[{"taxonomy":"category","embeddable":true,"href":"https:\/\/www.audens.es\/sala-de-prensa\/wp-json\/wp\/v2\/categories?post=1718"},{"taxonomy":"post_tag","embeddable":true,"href":"https:\/\/www.audens.es\/sala-de-prensa\/wp-json\/wp\/v2\/tags?post=1718"},{"taxonomy":"medio","embeddable":true,"href":"https:\/\/www.audens.es\/sala-de-prensa\/wp-json\/wp\/v2\/medio?post=1718"},{"taxonomy":"organizador","embeddable":true,"href":"https:\/\/www.audens.es\/sala-de-prensa\/wp-json\/wp\/v2\/organizador?post=1718"}],"curies":[{"name":"wp","href":"https:\/\/api.w.org\/{rel}","templated":true}]}}