{"id":1679,"date":"2022-04-26T13:00:00","date_gmt":"2022-04-26T11:00:00","guid":{"rendered":"https:\/\/www.audens.es\/sala-de-prensa\/?p=1679"},"modified":"2022-04-28T12:08:09","modified_gmt":"2022-04-28T10:08:09","slug":"audens-firma-lider-en-proteccion-de-datos-en-espana-segun-the-legal-500","status":"publish","type":"post","link":"https:\/\/www.audens.es\/sala-de-prensa\/audens-firma-lider-en-proteccion-de-datos-en-espana-segun-the-legal-500\/","title":{"rendered":"Audens, firma l\u00edder en protecci\u00f3n de datos en Espa\u00f1a en 2022, seg\u00fan The Legal 500"},"content":{"rendered":"\n<p><strong>Por segundo a\u00f1o consecutivo, el prestigioso directorio jur\u00eddico The Legal 500 reconoce a&nbsp;Audens como despacho l\u00edder en protecci\u00f3n de datos y privacidad en Espa\u00f1a.<\/strong><\/p>\n\n\n\n<p>El listado de la editorial brit\u00e1nica The Legal 500, que recoge a los despachos l\u00edderes en cada \u00e1rea de pr\u00e1ctica en los principale pa\u00edses del mundo, <a href=\"https:\/\/www.legal500.com\/firms\/235346-audens\/234791-madrid-spain\/\" data-type=\"URL\" data-id=\"https:\/\/www.legal500.com\/firms\/235346-audens\/234791-madrid-spain\/\">reconoce a Audens<\/a> en el \u00e1mbito de \u00ab<a rel=\"noreferrer noopener\" href=\"https:\/\/www.legal500.com\/c\/spain\/data-privacy-and-data-protection\/\" target=\"_blank\">data&nbsp;privacy and data protection<\/a>\u00bb en 2022. Nuevamente, Audens es la \u00fanica boutique jur\u00eddica en formar parte de esta clasificaci\u00f3n, siendo el resto de seleccionados grandes firmas nacionales e internacionales que operan en Espa\u00f1a.<\/p>\n\n\n\n<p>Este reconocimiento es fruto de m\u00e1s una d\u00e9cada de compromiso, esfuerzo y dedicaci\u00f3n en el que priman nuestros valores orientados a la excelencia en el trabajo, la implicaci\u00f3n con el cliente y prestar <strong>un asesoramiento legal y estrat\u00e9gico \u00fatil para el desarrollo de sus negocios y actividades<\/strong>.<\/p>\n\n\n\n<p>Por supuesto, este tipo de menciones no ser\u00edan posibles sin el inestimable apoyo y confianza de nuestros clientes, a quienes agradecemos sus referencias y participaci\u00f3n en las encuestas del directorio.<\/p>\n\n\n\n<p>The Legal 500 es\u00a0considerada, junto a Chambers &amp; Partners, como la\u00a0<strong>publicaci\u00f3n referente en el sector, tanto por la calidad en su\u00a0investigaci\u00f3n como por su acreditada reputaci\u00f3n internacional<\/strong>. Su\u00a0funcionamiento se basa en el an\u00e1lisis de los principales asuntos\u00a0encomendados a un despacho, en la satisfacci\u00f3n de sus clientes y en la\u00a0experiencia de sus profesionales y, adem\u00e1s, no es posible pagar ning\u00fan tipo de\u00a0cuota para formar parte de los listados por ellos publicados.<\/p>\n\n\n\n<p>La inclusi\u00f3n de Audens en esta publicaci\u00f3n por segundo a\u00f1o consecutivo, as\u00ed como el\u00a0<a rel=\"noreferrer noopener\" href=\"https:\/\/www.audens.es\/sala-de-prensa\/los-socios-de-proteccion-de-datos-de-audens-repiten-en-best-lawyers\/\" target=\"_blank\">reconocimiento de los socios Marcos Judel y Leandro N\u00fa\u00f1ez como The Best Lawyers\u2122 2022<\/a>,\u00a0nos\u00a0impulsa para continuar prestando un servicio creativo, innovador y altamente\u00a0especializado tanto en las materias de protecci\u00f3n de datos y privacidad, como en el\u00a0<a rel=\"noreferrer noopener\" href=\"https:\/\/www.audens.es\/areas-de-practica.php\" target=\"_blank\">resto de \u00e1reas de pr\u00e1ctica de la firma<\/a>.<\/p>\n","protected":false},"excerpt":{"rendered":"Por segundo a\u00f1o consecutivo, el prestigioso directorio jur\u00eddico The Legal 500 reconoce a Audens como despacho l\u00edder en protecci\u00f3n de datos y privacidad en Espa\u00f1a. <A CLASS=\"read-more\" HREF=\"https:\/\/www.audens.es\/sala-de-prensa\/audens-firma-lider-en-proteccion-de-datos-en-espana-segun-the-legal-500\/\">[+]<\/A>","protected":false},"author":2,"featured_media":1350,"comment_status":"closed","ping_status":"open","sticky":false,"template":"","format":"standard","meta":{"footnotes":""},"categories":[3],"tags":[23,196,186],"medio":[],"organizador":[],"class_list":["post-1679","post","type-post","status-publish","format-standard","has-post-thumbnail","hentry","category-notas-de-prensa","tag-proteccion-de-datos","tag-reconocimientos","tag-the-legal-500"],"_links":{"self":[{"href":"https:\/\/www.audens.es\/sala-de-prensa\/wp-json\/wp\/v2\/posts\/1679","targetHints":{"allow":["GET"]}}],"collection":[{"href":"https:\/\/www.audens.es\/sala-de-prensa\/wp-json\/wp\/v2\/posts"}],"about":[{"href":"https:\/\/www.audens.es\/sala-de-prensa\/wp-json\/wp\/v2\/types\/post"}],"author":[{"embeddable":true,"href":"https:\/\/www.audens.es\/sala-de-prensa\/wp-json\/wp\/v2\/users\/2"}],"replies":[{"embeddable":true,"href":"https:\/\/www.audens.es\/sala-de-prensa\/wp-json\/wp\/v2\/comments?post=1679"}],"version-history":[{"count":21,"href":"https:\/\/www.audens.es\/sala-de-prensa\/wp-json\/wp\/v2\/posts\/1679\/revisions"}],"predecessor-version":[{"id":2179,"href":"https:\/\/www.audens.es\/sala-de-prensa\/wp-json\/wp\/v2\/posts\/1679\/revisions\/2179"}],"wp:featuredmedia":[{"embeddable":true,"href":"https:\/\/www.audens.es\/sala-de-prensa\/wp-json\/wp\/v2\/media\/1350"}],"wp:attachment":[{"href":"https:\/\/www.audens.es\/sala-de-prensa\/wp-json\/wp\/v2\/media?parent=1679"}],"wp:term":[{"taxonomy":"category","embeddable":true,"href":"https:\/\/www.audens.es\/sala-de-prensa\/wp-json\/wp\/v2\/categories?post=1679"},{"taxonomy":"post_tag","embeddable":true,"href":"https:\/\/www.audens.es\/sala-de-prensa\/wp-json\/wp\/v2\/tags?post=1679"},{"taxonomy":"medio","embeddable":true,"href":"https:\/\/www.audens.es\/sala-de-prensa\/wp-json\/wp\/v2\/medio?post=1679"},{"taxonomy":"organizador","embeddable":true,"href":"https:\/\/www.audens.es\/sala-de-prensa\/wp-json\/wp\/v2\/organizador?post=1679"}],"curies":[{"name":"wp","href":"https:\/\/api.w.org\/{rel}","templated":true}]}}