{"id":1673,"date":"2022-03-14T09:45:48","date_gmt":"2022-03-14T08:45:48","guid":{"rendered":"https:\/\/www.audens.es\/sala-de-prensa\/?p=1673"},"modified":"2025-12-23T12:44:30","modified_gmt":"2025-12-23T11:44:30","slug":"legalidad-de-los-negocios-digitales","status":"publish","type":"post","link":"https:\/\/www.audens.es\/sala-de-prensa\/legalidad-de-los-negocios-digitales\/","title":{"rendered":"Legalidad de los negocios digitales"},"content":{"rendered":"<div class=\"wp-block-image\">\n<figure class=\"aligncenter size-full\"><img loading=\"lazy\" decoding=\"async\" width=\"575\" height=\"323\" src=\"https:\/\/www.audens.es\/sala-de-prensa\/wp-content\/uploads\/2022\/03\/libro-maitane.png\" alt=\"\" class=\"wp-image-1674\" srcset=\"https:\/\/www.audens.es\/sala-de-prensa\/wp-content\/uploads\/2022\/03\/libro-maitane.png 575w, https:\/\/www.audens.es\/sala-de-prensa\/wp-content\/uploads\/2022\/03\/libro-maitane-300x169.png 300w\" sizes=\"auto, (max-width: 575px) 100vw, 575px\" \/><\/figure>\n<\/div>\n\n\n<p>En la actual Sociedad de la Informaci\u00f3n, asistimos a una verdadera revoluci\u00f3n en la forma de entender los negocios y las relaciones: incremento de medios de comunicaci\u00f3n y difusi\u00f3n de contenidos, democratizaci\u00f3n de la informaci\u00f3n, diversidad de pensamiento, exponencial generaci\u00f3n de relaciones e interacci\u00f3n entre las personas y mayor acceso a las obras del intelecto y a sus soportes y canales de explotaci\u00f3n; adem\u00e1s del amplio abanico de actividades econ\u00f3micas que se realizan en l\u00ednea, por parte de muy diversos operadores.<\/p>\n\n\n\n<p>Nuestra socia <a href=\"https:\/\/www.audens.es\/maitane-valdecantos.php\">Maitane Valdecantos<\/a> ha escrito para el sello \u00abSocial Media\u00bb de Anaya Multimedia el libro \u201cLegalidad de los negocios digitales\u201d, una obra que permite acercarse a la protecci\u00f3n de los intangibles, a las normas aplicables a los negocios digitales y a la protecci\u00f3n de datos de car\u00e1cter personal, entre otros. Una gu\u00eda que nace para arrojar luz y aprovechar al m\u00e1ximo el potencial de la sociedad de la informaci\u00f3n y, a la vez, protegernos de sus peores excesos.<\/p>\n\n\n\n<p><a href=\"https:\/\/www.amazon.es\/Legalidad-negocios-digitales-Maitane-Valdecantos\/dp\/844154428X\/\">Ya a la venta<\/a>.<\/p>\n","protected":false},"excerpt":{"rendered":"Ya est\u00e1 a la venta el libro \u201cLegalidad de los negocios digitales\u201d, una obra de nuestra compa\u00f1era Maitane Valdecantos, que permite acercarse a la protecci\u00f3n de los intangibles, a las normas aplicables a los negocios digitales y a la protecci\u00f3n de datos de car\u00e1cter personal, entre otros derechos. <A CLASS=\"read-more\" HREF=\"https:\/\/www.audens.es\/sala-de-prensa\/legalidad-de-los-negocios-digitales\/\">[+]<\/A>","protected":false},"author":1,"featured_media":0,"comment_status":"closed","ping_status":"open","sticky":false,"template":"","format":"standard","meta":{"footnotes":""},"categories":[5],"tags":[12,20,23,43],"medio":[],"organizador":[],"class_list":["post-1673","post","type-post","status-publish","format-standard","hentry","category-publicaciones","tag-maitane-valdecantos","tag-propiedad-intelectual","tag-proteccion-de-datos","tag-transformacion-digital"],"_links":{"self":[{"href":"https:\/\/www.audens.es\/sala-de-prensa\/wp-json\/wp\/v2\/posts\/1673","targetHints":{"allow":["GET"]}}],"collection":[{"href":"https:\/\/www.audens.es\/sala-de-prensa\/wp-json\/wp\/v2\/posts"}],"about":[{"href":"https:\/\/www.audens.es\/sala-de-prensa\/wp-json\/wp\/v2\/types\/post"}],"author":[{"embeddable":true,"href":"https:\/\/www.audens.es\/sala-de-prensa\/wp-json\/wp\/v2\/users\/1"}],"replies":[{"embeddable":true,"href":"https:\/\/www.audens.es\/sala-de-prensa\/wp-json\/wp\/v2\/comments?post=1673"}],"version-history":[{"count":3,"href":"https:\/\/www.audens.es\/sala-de-prensa\/wp-json\/wp\/v2\/posts\/1673\/revisions"}],"predecessor-version":[{"id":2548,"href":"https:\/\/www.audens.es\/sala-de-prensa\/wp-json\/wp\/v2\/posts\/1673\/revisions\/2548"}],"wp:attachment":[{"href":"https:\/\/www.audens.es\/sala-de-prensa\/wp-json\/wp\/v2\/media?parent=1673"}],"wp:term":[{"taxonomy":"category","embeddable":true,"href":"https:\/\/www.audens.es\/sala-de-prensa\/wp-json\/wp\/v2\/categories?post=1673"},{"taxonomy":"post_tag","embeddable":true,"href":"https:\/\/www.audens.es\/sala-de-prensa\/wp-json\/wp\/v2\/tags?post=1673"},{"taxonomy":"medio","embeddable":true,"href":"https:\/\/www.audens.es\/sala-de-prensa\/wp-json\/wp\/v2\/medio?post=1673"},{"taxonomy":"organizador","embeddable":true,"href":"https:\/\/www.audens.es\/sala-de-prensa\/wp-json\/wp\/v2\/organizador?post=1673"}],"curies":[{"name":"wp","href":"https:\/\/api.w.org\/{rel}","templated":true}]}}