{"id":1658,"date":"2022-02-22T17:00:00","date_gmt":"2022-02-22T16:00:00","guid":{"rendered":"https:\/\/www.audens.es\/sala-de-prensa\/?p=1658"},"modified":"2022-03-14T09:50:05","modified_gmt":"2022-03-14T08:50:05","slug":"trece-lista-robinson-como-dejar-de-recibir-llamadas","status":"publish","type":"post","link":"https:\/\/www.audens.es\/sala-de-prensa\/trece-lista-robinson-como-dejar-de-recibir-llamadas\/","title":{"rendered":"Lista Robinson, \u00bfC\u00f3mo dejar de recibir llamadas?"},"content":{"rendered":"\n<div class=\"wp-block-image\"><figure class=\"aligncenter size-full\"><img loading=\"lazy\" decoding=\"async\" width=\"575\" height=\"323\" src=\"https:\/\/www.audens.es\/sala-de-prensa\/wp-content\/uploads\/2022\/03\/trece.jpg\" alt=\"\" class=\"wp-image-1669\" srcset=\"https:\/\/www.audens.es\/sala-de-prensa\/wp-content\/uploads\/2022\/03\/trece.jpg 575w, https:\/\/www.audens.es\/sala-de-prensa\/wp-content\/uploads\/2022\/03\/trece-300x169.jpg 300w\" sizes=\"auto, (max-width: 575px) 100vw, 575px\" \/><\/figure><\/div>\n\n\n\n<p>Trece TV ha contado con la colaboraci\u00f3n de nuestro compa\u00f1ero <a href=\"https:\/\/www.audens.es\/leandro-nunez.php\">Leandro N\u00fa\u00f1ez<\/a> en su programa \u00abLa Lupa de la Ma\u00f1ana\u00bb para hablar acerca de la Lista Robinson, un servicio de exclusi\u00f3n publicitaria al que puede acceder cualquier ciudadano desde su p\u00e1gina web, para evitar recibir publicidad de empresas a las que no se les haya dado consentimiento expreso. Leandro hace un breve an\u00e1lisis del servicio, en el que explica en qu\u00e9 consiste, c\u00f3mo inscribirse, y si es efectiva esta soluci\u00f3n. Sin embargo, enfatiza: <em>\u00abno todas las empresas son todo lo diligentes que deber\u00edan ser a la hora de consultar la Lista Robinson y cruzarla con sus bases de datos, para eliminar a los usuarios que han manifestado que no quieren recibir publicidad\u00bb<\/em>.<\/p>\n\n\n\n<p>Foto: <a rel=\"noreferrer noopener\" href=\"https:\/\/unsplash.com\/@machec?utm_source=unsplash&amp;utm_medium=referral&amp;utm_content=creditCopyText\" target=\"_blank\">Petr Mach\u00e1\u010dek<\/a> (v\u00eda Unsplash)<br>Puedes <a rel=\"noreferrer noopener\" href=\"https:\/\/www.cope.es\/trecetv\/programas\/la-lupa-de-la-manana\/videos\/lupa-febrero-2022-20220222_1844048\" target=\"_blank\">acceder al v\u00eddeo<\/a>, a partir del minuto 1:33:50.<\/p>\n","protected":false},"excerpt":{"rendered":"Leandro N\u00fa\u00f1ez ha participado en el programa \u00abLa Lupa de la Ma\u00f1ana\u00bb, de Trece TV, para analizar el funcionamiento de la Lista Robinson. <A CLASS=\"read-more\" HREF=\"https:\/\/www.audens.es\/sala-de-prensa\/trece-lista-robinson-como-dejar-de-recibir-llamadas\/\">[+]<\/A>","protected":false},"author":2,"featured_media":0,"comment_status":"closed","ping_status":"open","sticky":false,"template":"","format":"standard","meta":{"footnotes":""},"categories":[162],"tags":[7,23,22],"medio":[63],"organizador":[],"class_list":["post-1658","post","type-post","status-publish","format-standard","hentry","category-television","tag-leandro-nunez","tag-proteccion-de-datos","tag-publicidad","medio-trece"],"_links":{"self":[{"href":"https:\/\/www.audens.es\/sala-de-prensa\/wp-json\/wp\/v2\/posts\/1658","targetHints":{"allow":["GET"]}}],"collection":[{"href":"https:\/\/www.audens.es\/sala-de-prensa\/wp-json\/wp\/v2\/posts"}],"about":[{"href":"https:\/\/www.audens.es\/sala-de-prensa\/wp-json\/wp\/v2\/types\/post"}],"author":[{"embeddable":true,"href":"https:\/\/www.audens.es\/sala-de-prensa\/wp-json\/wp\/v2\/users\/2"}],"replies":[{"embeddable":true,"href":"https:\/\/www.audens.es\/sala-de-prensa\/wp-json\/wp\/v2\/comments?post=1658"}],"version-history":[{"count":5,"href":"https:\/\/www.audens.es\/sala-de-prensa\/wp-json\/wp\/v2\/posts\/1658\/revisions"}],"predecessor-version":[{"id":1677,"href":"https:\/\/www.audens.es\/sala-de-prensa\/wp-json\/wp\/v2\/posts\/1658\/revisions\/1677"}],"wp:attachment":[{"href":"https:\/\/www.audens.es\/sala-de-prensa\/wp-json\/wp\/v2\/media?parent=1658"}],"wp:term":[{"taxonomy":"category","embeddable":true,"href":"https:\/\/www.audens.es\/sala-de-prensa\/wp-json\/wp\/v2\/categories?post=1658"},{"taxonomy":"post_tag","embeddable":true,"href":"https:\/\/www.audens.es\/sala-de-prensa\/wp-json\/wp\/v2\/tags?post=1658"},{"taxonomy":"medio","embeddable":true,"href":"https:\/\/www.audens.es\/sala-de-prensa\/wp-json\/wp\/v2\/medio?post=1658"},{"taxonomy":"organizador","embeddable":true,"href":"https:\/\/www.audens.es\/sala-de-prensa\/wp-json\/wp\/v2\/organizador?post=1658"}],"curies":[{"name":"wp","href":"https:\/\/api.w.org\/{rel}","templated":true}]}}