{"id":1654,"date":"2022-02-22T17:30:00","date_gmt":"2022-02-22T16:30:00","guid":{"rendered":"https:\/\/www.audens.es\/sala-de-prensa\/?p=1654"},"modified":"2022-03-14T09:41:24","modified_gmt":"2022-03-14T08:41:24","slug":"maldita-es-que-se-considera-ciberacoso-y-como-denunciarlo","status":"publish","type":"post","link":"https:\/\/www.audens.es\/sala-de-prensa\/maldita-es-que-se-considera-ciberacoso-y-como-denunciarlo\/","title":{"rendered":"\u00bfQue s\u00e9 considera ciberacoso y c\u00f3mo denunciarlo?"},"content":{"rendered":"\n<div class=\"wp-block-image\"><figure class=\"aligncenter size-full\"><img loading=\"lazy\" decoding=\"async\" width=\"575\" height=\"400\" src=\"https:\/\/www.audens.es\/sala-de-prensa\/wp-content\/uploads\/2022\/02\/stalking.jpg\" alt=\"\" class=\"wp-image-1656\" srcset=\"https:\/\/www.audens.es\/sala-de-prensa\/wp-content\/uploads\/2022\/02\/stalking.jpg 575w, https:\/\/www.audens.es\/sala-de-prensa\/wp-content\/uploads\/2022\/02\/stalking-300x209.jpg 300w\" sizes=\"auto, (max-width: 575px) 100vw, 575px\" \/><\/figure><\/div>\n\n\n\n<p>Nuestra compa\u00f1era <a href=\"https:\/\/www.audens.es\/maitane-valdecantos.php\">Maitane Valdecantos<\/a> ha participado en el consultorio tecnol\u00f3gico de Maldita.es para hablar sobre el ciberacoso, qu\u00e9 condiciones se deben dar para que se considere un delito, c\u00f3mo actuar si se est\u00e1 sufriendo y c\u00f3mo denunciarlo. Resulta esencial <em>\u201crecabar y aportar de forma correcta todas las pruebas digitales que tengamos para garantizar su autenticidad de cara a acreditar los hechos\u201d<\/em>, recomienda Maitane.<\/p>\n\n\n\n<p>Foto: <a rel=\"noreferrer noopener\" href=\"https:\/\/unsplash.com\/@a_d_s_w?utm_source=unsplash&amp;utm_medium=referral&amp;utm_content=creditCopyText\" target=\"_blank\">Adrian Swancar<\/a> (v\u00eda Unsplash)<br>Puedes <a rel=\"noreferrer noopener\" href=\"https:\/\/maldita.es\/malditatecnologia\/20220222\/acoso-online-descuidos-videollamadas-desinformacion-consultorio\/\" target=\"_blank\">leer el art\u00edculo completo<\/a>.<\/p>\n","protected":false},"excerpt":{"rendered":"Maitane Valdecantos ha hablado para el consultorio de Maldita.es sobre el ciberacoso y c\u00f3mo actuar en caso de sufrirlo. <A CLASS=\"read-more\" HREF=\"https:\/\/www.audens.es\/sala-de-prensa\/maldita-es-que-se-considera-ciberacoso-y-como-denunciarlo\/\">[+]<\/A>","protected":false},"author":2,"featured_media":0,"comment_status":"closed","ping_status":"open","sticky":false,"template":"","format":"standard","meta":{"footnotes":""},"categories":[164],"tags":[84,12],"medio":[193],"organizador":[],"class_list":["post-1654","post","type-post","status-publish","format-standard","hentry","category-prensa-escrita","tag-delitos-informaticos","tag-maitane-valdecantos","medio-maldita-es"],"_links":{"self":[{"href":"https:\/\/www.audens.es\/sala-de-prensa\/wp-json\/wp\/v2\/posts\/1654","targetHints":{"allow":["GET"]}}],"collection":[{"href":"https:\/\/www.audens.es\/sala-de-prensa\/wp-json\/wp\/v2\/posts"}],"about":[{"href":"https:\/\/www.audens.es\/sala-de-prensa\/wp-json\/wp\/v2\/types\/post"}],"author":[{"embeddable":true,"href":"https:\/\/www.audens.es\/sala-de-prensa\/wp-json\/wp\/v2\/users\/2"}],"replies":[{"embeddable":true,"href":"https:\/\/www.audens.es\/sala-de-prensa\/wp-json\/wp\/v2\/comments?post=1654"}],"version-history":[{"count":3,"href":"https:\/\/www.audens.es\/sala-de-prensa\/wp-json\/wp\/v2\/posts\/1654\/revisions"}],"predecessor-version":[{"id":1672,"href":"https:\/\/www.audens.es\/sala-de-prensa\/wp-json\/wp\/v2\/posts\/1654\/revisions\/1672"}],"wp:attachment":[{"href":"https:\/\/www.audens.es\/sala-de-prensa\/wp-json\/wp\/v2\/media?parent=1654"}],"wp:term":[{"taxonomy":"category","embeddable":true,"href":"https:\/\/www.audens.es\/sala-de-prensa\/wp-json\/wp\/v2\/categories?post=1654"},{"taxonomy":"post_tag","embeddable":true,"href":"https:\/\/www.audens.es\/sala-de-prensa\/wp-json\/wp\/v2\/tags?post=1654"},{"taxonomy":"medio","embeddable":true,"href":"https:\/\/www.audens.es\/sala-de-prensa\/wp-json\/wp\/v2\/medio?post=1654"},{"taxonomy":"organizador","embeddable":true,"href":"https:\/\/www.audens.es\/sala-de-prensa\/wp-json\/wp\/v2\/organizador?post=1654"}],"curies":[{"name":"wp","href":"https:\/\/api.w.org\/{rel}","templated":true}]}}