{"id":1647,"date":"2022-02-14T13:30:00","date_gmt":"2022-02-14T12:30:00","guid":{"rendered":"https:\/\/www.audens.es\/sala-de-prensa\/?p=1647"},"modified":"2022-02-22T18:49:37","modified_gmt":"2022-02-22T17:49:37","slug":"periodico-de-ibiza-exito-en-la-primera-jornada-del-curso-sobre-blockchain","status":"publish","type":"post","link":"https:\/\/www.audens.es\/sala-de-prensa\/periodico-de-ibiza-exito-en-la-primera-jornada-del-curso-sobre-blockchain\/","title":{"rendered":"\u00c9xito en la primera jornada del curso sobre blockchain"},"content":{"rendered":"\n<div class=\"wp-block-image\"><figure class=\"aligncenter size-full\"><img loading=\"lazy\" decoding=\"async\" width=\"575\" height=\"323\" src=\"https:\/\/www.audens.es\/sala-de-prensa\/wp-content\/uploads\/2022\/02\/blockchain.jpg\" alt=\"\" class=\"wp-image-1648\" srcset=\"https:\/\/www.audens.es\/sala-de-prensa\/wp-content\/uploads\/2022\/02\/blockchain.jpg 575w, https:\/\/www.audens.es\/sala-de-prensa\/wp-content\/uploads\/2022\/02\/blockchain-300x169.jpg 300w\" sizes=\"auto, (max-width: 575px) 100vw, 575px\" \/><\/figure><\/div>\n\n\n\n<p>El pasado 12 de febrero tuvo lugar la primera jornada del curso organizado por el Consell Insular d\u2019Eivissa e Ibiza Token sobre la tecnolog\u00eda blockchain, impartido por <a href=\"https:\/\/www.audens.es\/marcos-judel.php\">Marcos Judel<\/a>. Durante la sesi\u00f3n, el abogado habl\u00f3 de las ventajas de esta tecnolog\u00eda, su enorme crecimiento, la gran cantidad de estafas que se producen y consejos para no ser v\u00edctima de una de ellas; y tambi\u00e9n hubo espacio para una ronda de preguntas. El pr\u00f3ximo curso se impartir\u00e1 el 19 de febrero, y estar\u00e1 enfocado en la digitalizaci\u00f3n de Pymes y empresas en la blockchain.<\/p>\n\n\n\n<p>Foto: <a rel=\"noreferrer noopener\" href=\"https:\/\/unsplash.com\/@launchpresso?utm_source=unsplash&amp;utm_medium=referral&amp;utm_content=creditCopyText\" target=\"_blank\">Launchpresso<\/a> (v\u00eda Unsplash)<br>Puedes <a rel=\"noreferrer noopener\" href=\"https:\/\/www.periodicodeibiza.es\/pitiusas\/ibiza\/2022\/02\/12\/1699089\/blockchain-exito-organizacion-del-congreso-para-empresas.html\" target=\"_blank\">leer el art\u00edculo completo<\/a>.<\/p>\n","protected":false},"excerpt":{"rendered":"\u00c9xito en la primera sesi\u00f3n del curso \u00abTecnolog\u00eda blockchain aplicada a las empresas: Fundamentos y casos de uso\u00bb, impartido por Marcos Judel y organizado por el Consell Insular d\u2019Eivissa e Ibiza Token. <A CLASS=\"read-more\" HREF=\"https:\/\/www.audens.es\/sala-de-prensa\/periodico-de-ibiza-exito-en-la-primera-jornada-del-curso-sobre-blockchain\/\">[+]<\/A>","protected":false},"author":2,"featured_media":0,"comment_status":"closed","ping_status":"open","sticky":false,"template":"","format":"standard","meta":{"footnotes":""},"categories":[164],"tags":[201,199,13],"medio":[202],"organizador":[],"class_list":["post-1647","post","type-post","status-publish","format-standard","hentry","category-prensa-escrita","tag-blockchain","tag-ibiza-token","tag-marcos-judel","medio-periodico-de-ibiza"],"_links":{"self":[{"href":"https:\/\/www.audens.es\/sala-de-prensa\/wp-json\/wp\/v2\/posts\/1647","targetHints":{"allow":["GET"]}}],"collection":[{"href":"https:\/\/www.audens.es\/sala-de-prensa\/wp-json\/wp\/v2\/posts"}],"about":[{"href":"https:\/\/www.audens.es\/sala-de-prensa\/wp-json\/wp\/v2\/types\/post"}],"author":[{"embeddable":true,"href":"https:\/\/www.audens.es\/sala-de-prensa\/wp-json\/wp\/v2\/users\/2"}],"replies":[{"embeddable":true,"href":"https:\/\/www.audens.es\/sala-de-prensa\/wp-json\/wp\/v2\/comments?post=1647"}],"version-history":[{"count":3,"href":"https:\/\/www.audens.es\/sala-de-prensa\/wp-json\/wp\/v2\/posts\/1647\/revisions"}],"predecessor-version":[{"id":1653,"href":"https:\/\/www.audens.es\/sala-de-prensa\/wp-json\/wp\/v2\/posts\/1647\/revisions\/1653"}],"wp:attachment":[{"href":"https:\/\/www.audens.es\/sala-de-prensa\/wp-json\/wp\/v2\/media?parent=1647"}],"wp:term":[{"taxonomy":"category","embeddable":true,"href":"https:\/\/www.audens.es\/sala-de-prensa\/wp-json\/wp\/v2\/categories?post=1647"},{"taxonomy":"post_tag","embeddable":true,"href":"https:\/\/www.audens.es\/sala-de-prensa\/wp-json\/wp\/v2\/tags?post=1647"},{"taxonomy":"medio","embeddable":true,"href":"https:\/\/www.audens.es\/sala-de-prensa\/wp-json\/wp\/v2\/medio?post=1647"},{"taxonomy":"organizador","embeddable":true,"href":"https:\/\/www.audens.es\/sala-de-prensa\/wp-json\/wp\/v2\/organizador?post=1647"}],"curies":[{"name":"wp","href":"https:\/\/api.w.org\/{rel}","templated":true}]}}