{"id":162,"date":"2019-02-14T10:00:27","date_gmt":"2019-02-14T09:00:27","guid":{"rendered":"https:\/\/www.audens.es\/sala-de-prensa\/?p=162"},"modified":"2020-01-29T11:55:19","modified_gmt":"2020-01-29T10:55:19","slug":"ii-digital-law-world-congress","status":"publish","type":"post","link":"https:\/\/www.audens.es\/sala-de-prensa\/ii-digital-law-world-congress\/","title":{"rendered":"II Digital Law World Congress"},"content":{"rendered":"\n<div class=\"wp-block-image\"><figure class=\"aligncenter\"><a href=\"http:\/\/digitallawcongress.icab.cat\/?lang=es\" target=\"_blank\" rel=\"noreferrer noopener\"><img loading=\"lazy\" decoding=\"async\" width=\"575\" height=\"109\" src=\"https:\/\/www.audens.es\/sala-de-prensa\/wp-content\/uploads\/2019\/06\/digitallaw.jpg\" alt=\"II Digital Law World Congress\" class=\"wp-image-163\" srcset=\"https:\/\/www.audens.es\/sala-de-prensa\/wp-content\/uploads\/2019\/06\/digitallaw.jpg 575w, https:\/\/www.audens.es\/sala-de-prensa\/wp-content\/uploads\/2019\/06\/digitallaw-300x57.jpg 300w\" sizes=\"auto, (max-width: 575px) 100vw, 575px\" \/><\/a><\/figure><\/div>\n\n\n\n<p>El pr\u00f3ximo 21 de febrero, nuestro compa\u00f1ero <a href=\"https:\/\/www.audens.es\/eneko-delgado.php\">Eneko Delgado<\/a> participar\u00e1 en el II Digital Law World Congress, que organiza el Ilustre Colegio de la Abogac\u00eda de Barcelona y en el que se presentar\u00e1 la \u00abCarta de Barcelona por los Derechos de la Ciudadan\u00eda en la Era Digital\u00bb. Su ponencia versar\u00e1 sobre \u00abLos Derechos Digitales en la Ley Org\u00e1nica 3\/2018, de Protecci\u00f3n de Datos y Garant\u00eda de los Derechos Digitales\u00bb. <\/p>\n\n\n\n<p>Si quieres asistir, puedes <a href=\"http:\/\/digitallawcongress.icab.cat\/?lang=es\" target=\"_blank\" rel=\"noreferrer noopener\" aria-label=\"consultar el programa e inscribirte (abre en una nueva pesta\u00f1a)\">consultar el programa e inscribirte<\/a>.<\/p>\n","protected":false},"excerpt":{"rendered":"El pr\u00f3ximo 21 de febrero, nuestro compa\u00f1ero Eneko Delgado participar\u00e1 en el II Digital Law World Congress, que organiza el Ilustre Colegio de la Abogac\u00eda de Barcelona y en el que se presentar\u00e1 la \u00abCarta de Barcelona por los Derechos de la Ciudadan\u00eda en la Era Digital\u00bb. Su ponencia versar\u00e1 sobre \u00abLos Derechos Digitales en [&hellip;] <A CLASS=\"read-more\" HREF=\"https:\/\/www.audens.es\/sala-de-prensa\/ii-digital-law-world-congress\/\">[+]<\/A>","protected":false},"author":1,"featured_media":0,"comment_status":"closed","ping_status":"open","sticky":false,"template":"","format":"standard","meta":{"footnotes":""},"categories":[2],"tags":[56,8,55],"medio":[],"organizador":[],"class_list":["post-162","post","type-post","status-publish","format-standard","hentry","category-eventos","tag-derechos-digitales","tag-eneko-delgado","tag-icab"],"_links":{"self":[{"href":"https:\/\/www.audens.es\/sala-de-prensa\/wp-json\/wp\/v2\/posts\/162","targetHints":{"allow":["GET"]}}],"collection":[{"href":"https:\/\/www.audens.es\/sala-de-prensa\/wp-json\/wp\/v2\/posts"}],"about":[{"href":"https:\/\/www.audens.es\/sala-de-prensa\/wp-json\/wp\/v2\/types\/post"}],"author":[{"embeddable":true,"href":"https:\/\/www.audens.es\/sala-de-prensa\/wp-json\/wp\/v2\/users\/1"}],"replies":[{"embeddable":true,"href":"https:\/\/www.audens.es\/sala-de-prensa\/wp-json\/wp\/v2\/comments?post=162"}],"version-history":[{"count":2,"href":"https:\/\/www.audens.es\/sala-de-prensa\/wp-json\/wp\/v2\/posts\/162\/revisions"}],"predecessor-version":[{"id":606,"href":"https:\/\/www.audens.es\/sala-de-prensa\/wp-json\/wp\/v2\/posts\/162\/revisions\/606"}],"wp:attachment":[{"href":"https:\/\/www.audens.es\/sala-de-prensa\/wp-json\/wp\/v2\/media?parent=162"}],"wp:term":[{"taxonomy":"category","embeddable":true,"href":"https:\/\/www.audens.es\/sala-de-prensa\/wp-json\/wp\/v2\/categories?post=162"},{"taxonomy":"post_tag","embeddable":true,"href":"https:\/\/www.audens.es\/sala-de-prensa\/wp-json\/wp\/v2\/tags?post=162"},{"taxonomy":"medio","embeddable":true,"href":"https:\/\/www.audens.es\/sala-de-prensa\/wp-json\/wp\/v2\/medio?post=162"},{"taxonomy":"organizador","embeddable":true,"href":"https:\/\/www.audens.es\/sala-de-prensa\/wp-json\/wp\/v2\/organizador?post=162"}],"curies":[{"name":"wp","href":"https:\/\/api.w.org\/{rel}","templated":true}]}}