{"id":1618,"date":"2022-02-07T12:30:00","date_gmt":"2022-02-07T11:30:00","guid":{"rendered":"https:\/\/www.audens.es\/sala-de-prensa\/?p=1618"},"modified":"2022-02-09T20:46:13","modified_gmt":"2022-02-09T19:46:13","slug":"tecnologia-blockchain-aplicada-a-las-empresas-fundamentos-y-casos-de-uso","status":"publish","type":"post","link":"https:\/\/www.audens.es\/sala-de-prensa\/tecnologia-blockchain-aplicada-a-las-empresas-fundamentos-y-casos-de-uso\/","title":{"rendered":"Tecnolog\u00eda blockchain aplicada a las empresas: Fundamentos y casos de uso"},"content":{"rendered":"\n<div class=\"wp-block-image\"><figure class=\"aligncenter size-full\"><img loading=\"lazy\" decoding=\"async\" width=\"200\" height=\"200\" src=\"https:\/\/www.audens.es\/sala-de-prensa\/wp-content\/uploads\/2019\/06\/img_judel.jpg\" alt=\"Marcos Judel, socio de Audens y presidente de APEP.\" class=\"wp-image-21\" srcset=\"https:\/\/www.audens.es\/sala-de-prensa\/wp-content\/uploads\/2019\/06\/img_judel.jpg 200w, https:\/\/www.audens.es\/sala-de-prensa\/wp-content\/uploads\/2019\/06\/img_judel-150x150.jpg 150w\" sizes=\"auto, (max-width: 200px) 100vw, 200px\" \/><\/figure><\/div>\n\n\n\n<p>Los d\u00edas 12, 19 y 26 de febrero, nuestro compa\u00f1ero <a href=\"https:\/\/www.audens.es\/marcos-judel.php\">Marcos Judel<\/a> participar\u00e1 en un seminario informativo sobre la tecnolog\u00eda Blockchain, bajo el nombre \u00abTecnolog\u00eda blockchain aplicada a las empresas: Fundamentos y casos de uso\u00bb, organizado por Ibiza Token y el Consell Insular d&#8217;Eivissa. En \u00e9l hablar\u00e1 de los aspectos legales aplicables a esta tecnolog\u00eda: d\u00f3nde poner el foco cuando se quiere lanzar un proyecto, c\u00f3mo tokenizar servicios, c\u00f3mo crear NFTs&#8230;<\/p>\n\n\n\n<p>Puedes <a href=\"https:\/\/www.noudiari.es\/local-ibiza\/ibiza-acoge-este-mes-un-curso-sobre-blockchain-explicaremos-el-nuevo-mundo-que-se-esta-abriendo\/\" target=\"_blank\" rel=\"noreferrer noopener\">ver el programa e inscribirte<\/a>.<\/p>\n","protected":false},"excerpt":{"rendered":"Los d\u00edas 12, 19 y 26 de febrero, Marcos Judel impartir\u00e1 un curso sobre tecnolog\u00eda Blockchain, bajo el nombre \u00abTecnolog\u00eda blockchain aplicada a las empresas: Fundamentos y casos de uso\u00bb, organizado por Ibiza Token y el Consell Insular d&#8217;Eivissa. <A CLASS=\"read-more\" HREF=\"https:\/\/www.audens.es\/sala-de-prensa\/tecnologia-blockchain-aplicada-a-las-empresas-fundamentos-y-casos-de-uso\/\">[+]<\/A>","protected":false},"author":2,"featured_media":0,"comment_status":"closed","ping_status":"open","sticky":false,"template":"","format":"standard","meta":{"footnotes":""},"categories":[2],"tags":[201,199,13,198],"medio":[],"organizador":[],"class_list":["post-1618","post","type-post","status-publish","format-standard","hentry","category-eventos","tag-blockchain","tag-ibiza-token","tag-marcos-judel","tag-noudiari"],"_links":{"self":[{"href":"https:\/\/www.audens.es\/sala-de-prensa\/wp-json\/wp\/v2\/posts\/1618","targetHints":{"allow":["GET"]}}],"collection":[{"href":"https:\/\/www.audens.es\/sala-de-prensa\/wp-json\/wp\/v2\/posts"}],"about":[{"href":"https:\/\/www.audens.es\/sala-de-prensa\/wp-json\/wp\/v2\/types\/post"}],"author":[{"embeddable":true,"href":"https:\/\/www.audens.es\/sala-de-prensa\/wp-json\/wp\/v2\/users\/2"}],"replies":[{"embeddable":true,"href":"https:\/\/www.audens.es\/sala-de-prensa\/wp-json\/wp\/v2\/comments?post=1618"}],"version-history":[{"count":5,"href":"https:\/\/www.audens.es\/sala-de-prensa\/wp-json\/wp\/v2\/posts\/1618\/revisions"}],"predecessor-version":[{"id":1643,"href":"https:\/\/www.audens.es\/sala-de-prensa\/wp-json\/wp\/v2\/posts\/1618\/revisions\/1643"}],"wp:attachment":[{"href":"https:\/\/www.audens.es\/sala-de-prensa\/wp-json\/wp\/v2\/media?parent=1618"}],"wp:term":[{"taxonomy":"category","embeddable":true,"href":"https:\/\/www.audens.es\/sala-de-prensa\/wp-json\/wp\/v2\/categories?post=1618"},{"taxonomy":"post_tag","embeddable":true,"href":"https:\/\/www.audens.es\/sala-de-prensa\/wp-json\/wp\/v2\/tags?post=1618"},{"taxonomy":"medio","embeddable":true,"href":"https:\/\/www.audens.es\/sala-de-prensa\/wp-json\/wp\/v2\/medio?post=1618"},{"taxonomy":"organizador","embeddable":true,"href":"https:\/\/www.audens.es\/sala-de-prensa\/wp-json\/wp\/v2\/organizador?post=1618"}],"curies":[{"name":"wp","href":"https:\/\/api.w.org\/{rel}","templated":true}]}}