{"id":1600,"date":"2021-12-03T19:00:00","date_gmt":"2021-12-03T18:00:00","guid":{"rendered":"https:\/\/www.audens.es\/sala-de-prensa\/?p=1600"},"modified":"2022-02-09T20:39:47","modified_gmt":"2022-02-09T19:39:47","slug":"el-confidencial-se-deben-incluir-las-lenguas-cooficiales-en-las-plataformas-de-streaming","status":"publish","type":"post","link":"https:\/\/www.audens.es\/sala-de-prensa\/el-confidencial-se-deben-incluir-las-lenguas-cooficiales-en-las-plataformas-de-streaming\/","title":{"rendered":"\u00bfDeben incluir las plataformas de \u00abstreaming\u00bb contenidos en lenguas cooficiales?"},"content":{"rendered":"\n<div class=\"wp-block-image\"><figure class=\"aligncenter size-full\"><img loading=\"lazy\" decoding=\"async\" width=\"575\" height=\"383\" src=\"https:\/\/www.audens.es\/sala-de-prensa\/wp-content\/uploads\/2022\/01\/streaming.jpg\" alt=\"\" class=\"wp-image-1601\" srcset=\"https:\/\/www.audens.es\/sala-de-prensa\/wp-content\/uploads\/2022\/01\/streaming.jpg 575w, https:\/\/www.audens.es\/sala-de-prensa\/wp-content\/uploads\/2022\/01\/streaming-300x200.jpg 300w\" sizes=\"auto, (max-width: 575px) 100vw, 575px\" \/><\/figure><\/div>\n\n\n\n<p>Ante el proyecto de nueva Ley General de Comunicaci\u00f3n Audiovisual, que prev\u00e9 obligar a ciertas plataformas de \u00abstreaming\u00bb a incluir contenidos en las lenguas cooficiales en su cat\u00e1lago, <a href=\"https:\/\/www.audens.es\/maitane-valdecantos.php\">Maitane Valdecantos<\/a> ha opinado para El Confidencial: <em>\u00abIndependientemente de la opini\u00f3n que a cada uno le merezca esta cuesti\u00f3n, la posibilidad de obligar a los prestadores de servicios audiovisuales a la carta a ofrecer en su cat\u00e1logo un porcentaje de obras en alguna de las lenguas cooficiales de nuestro pa\u00eds, tiene encaje en nuestro ordenamiento jur\u00eddico\u00bb<\/em>, argumenta.<\/p>\n\n\n\n<p>Foto: <a rel=\"noreferrer noopener\" href=\"https:\/\/unsplash.com\/@glenncarstenspeters?utm_source=unsplash&amp;utm_medium=referral&amp;utm_content=creditCopyText\" target=\"_blank\">Glenn Carstens-Peters<\/a> (v\u00eda Unsplash)<br>Puedes <a rel=\"noreferrer noopener\" href=\"https:\/\/www.elconfidencial.com\/empresas\/2021-12-02\/television-ley-audiovisual-netflix-youtube_3335068\/\" target=\"_blank\">leer el art\u00edculo completo<\/a> (requiere suscripci\u00f3n).<\/p>\n","protected":false},"excerpt":{"rendered":"Maitane Valdecantos ha opinado para El Confidencial sobre el proyecto de ley audiovisual,  y el debate sobre si incluir contenidos enlas lenguas cooficiales en plataformas de \u00abstreaming\u00bb. <A CLASS=\"read-more\" HREF=\"https:\/\/www.audens.es\/sala-de-prensa\/el-confidencial-se-deben-incluir-las-lenguas-cooficiales-en-las-plataformas-de-streaming\/\">[+]<\/A>","protected":false},"author":2,"featured_media":0,"comment_status":"closed","ping_status":"open","sticky":false,"template":"","format":"standard","meta":{"footnotes":""},"categories":[164],"tags":[87,12],"medio":[105],"organizador":[],"class_list":["post-1600","post","type-post","status-publish","format-standard","hentry","category-prensa-escrita","tag-audiovisual","tag-maitane-valdecantos","medio-el-confidencial"],"_links":{"self":[{"href":"https:\/\/www.audens.es\/sala-de-prensa\/wp-json\/wp\/v2\/posts\/1600","targetHints":{"allow":["GET"]}}],"collection":[{"href":"https:\/\/www.audens.es\/sala-de-prensa\/wp-json\/wp\/v2\/posts"}],"about":[{"href":"https:\/\/www.audens.es\/sala-de-prensa\/wp-json\/wp\/v2\/types\/post"}],"author":[{"embeddable":true,"href":"https:\/\/www.audens.es\/sala-de-prensa\/wp-json\/wp\/v2\/users\/2"}],"replies":[{"embeddable":true,"href":"https:\/\/www.audens.es\/sala-de-prensa\/wp-json\/wp\/v2\/comments?post=1600"}],"version-history":[{"count":8,"href":"https:\/\/www.audens.es\/sala-de-prensa\/wp-json\/wp\/v2\/posts\/1600\/revisions"}],"predecessor-version":[{"id":1636,"href":"https:\/\/www.audens.es\/sala-de-prensa\/wp-json\/wp\/v2\/posts\/1600\/revisions\/1636"}],"wp:attachment":[{"href":"https:\/\/www.audens.es\/sala-de-prensa\/wp-json\/wp\/v2\/media?parent=1600"}],"wp:term":[{"taxonomy":"category","embeddable":true,"href":"https:\/\/www.audens.es\/sala-de-prensa\/wp-json\/wp\/v2\/categories?post=1600"},{"taxonomy":"post_tag","embeddable":true,"href":"https:\/\/www.audens.es\/sala-de-prensa\/wp-json\/wp\/v2\/tags?post=1600"},{"taxonomy":"medio","embeddable":true,"href":"https:\/\/www.audens.es\/sala-de-prensa\/wp-json\/wp\/v2\/medio?post=1600"},{"taxonomy":"organizador","embeddable":true,"href":"https:\/\/www.audens.es\/sala-de-prensa\/wp-json\/wp\/v2\/organizador?post=1600"}],"curies":[{"name":"wp","href":"https:\/\/api.w.org\/{rel}","templated":true}]}}