{"id":16,"date":"2019-05-28T10:00:11","date_gmt":"2019-05-28T08:00:11","guid":{"rendered":"https:\/\/www.audens.es\/sala-de-prensa\/?p=16"},"modified":"2026-01-26T14:51:13","modified_gmt":"2026-01-26T13:51:13","slug":"audens-se-refuerza-con-la-incorporacion-de-maitane-valdecantos","status":"publish","type":"post","link":"https:\/\/www.audens.es\/sala-de-prensa\/audens-se-refuerza-con-la-incorporacion-de-maitane-valdecantos\/","title":{"rendered":"Audens se refuerza con la incorporaci\u00f3n de Maitane Valdecantos"},"content":{"rendered":"\n<p>El despacho de abogados Audens, referente en derecho tecnol\u00f3gico y publicitario, ha incorporado a su oficina de Bilbao a la letrada <a href=\"https:\/\/www.audens.es\/maitane-valdecantos.php\">Maitane Valdecantos Flores<\/a>, para reforzar las \u00e1reas de <a href=\"https:\/\/www.audens.es\/abogados\/propiedad-intelectual.php\">propiedad intelectual<\/a> y <a href=\"https:\/\/www.audens.es\/abogados\/multimedia-audiovisual.php\">derecho audiovisual<\/a>.<\/p>\n\n\n\n<p>La nueva socia de Audens es licenciada en Derecho y diplomada en Ciencias Econ\u00f3micas por la Universidad de Deusto, y <strong>una reconocida experta en derecho digital<\/strong>, con m\u00e1s de diez a\u00f1os de experiencia en asesoramiento a empresas y litigaci\u00f3n. Es, adem\u00e1s, jefa de estudios de la Escuela de Pr\u00e1ctica Jur\u00eddica del Ilustre Colegio de la Abogac\u00eda de Bizkaia, e imparte docencia en distintas universidades y escuelas de negocios.<\/p>\n\n\n\n<p>Valdecantos ha manifestado su ilusi\u00f3n por incorporarse a la firma, de la que ha destacado su visi\u00f3n pr\u00e1ctica del asesoramiento jur\u00eddico en un entorno marcado por la influencia de las nuevas tecnolog\u00edas en la empresa: <em>\u201cCada vez son m\u00e1s los proyectos empresariales que deben abordar necesidades y retos jur\u00eddicos relacionados con los derechos de autor, la protecci\u00f3n de datos o la innovaci\u00f3n, y que requieren de profesionales  jur\u00eddicos que aporten una visi\u00f3n global del Derecho, tanto a nivel local como internacional\u201d<\/em>, apunt\u00f3.<\/p>\n\n\n\n<p><a href=\"https:\/\/www.audens.es\/eneko-delgado.php\">Eneko Delgado<\/a>, socio fundador de Audens y director de la sede de <a href=\"https:\/\/www.audens.es\/bilbao.php\">Bilbao<\/a>, se ha mostrado muy satisfecho con el fichaje: <em>\u201cEn el a\u00f1o en que celebramos el d\u00e9cimo aniversario del despacho es un orgullo poder incorporar a una profesional con la experiencia y trayectoria de Maitane, con la que compartimos filosof\u00eda y objetivos; pero, sobre todo, es un \u00e9xito sumar su val\u00eda personal y capacidad de crear equipo\u201d<\/em>.<\/p>\n\n\n\n<p><a href=\"https:\/\/www.audens.es\/marcos-judel.php\">Marcos Judel<\/a>, tambi\u00e9n socio de la firma, ha destacado que <em>\u201caporta un amplio conocimiento en aspectos audiovisuales y de negociaci\u00f3n de derechos de propiedad intelectual e industrial, y es un apoyo fundamental para reforzar el \u00e1rea procesal por su amplia experiencia en tribunales<\/em>\u201d.<\/p>\n\n\n\n<h3 class=\"wp-block-heading\">Sobre Audens<\/h3>\n\n\n\n<p>Audens es una boutique jur\u00eddica especializada en derecho de las nuevas tecnolog\u00edas y de la publicidad, que aporta soluciones adaptadas a la realidad de los entornos digitales, dirigidas tanto grandes organizaciones como a emprendedores y start-ups.<\/p>\n","protected":false},"excerpt":{"rendered":"La abogada se incorpora como socia a la oficina de Bilbao, para impulsar las \u00e1reas de propiedad intelectual y derecho audiovisual. <A CLASS=\"read-more\" HREF=\"https:\/\/www.audens.es\/sala-de-prensa\/audens-se-refuerza-con-la-incorporacion-de-maitane-valdecantos\/\">[+]<\/A>","protected":false},"author":1,"featured_media":17,"comment_status":"closed","ping_status":"open","sticky":false,"template":"","format":"standard","meta":{"footnotes":""},"categories":[3],"tags":[9,6,12],"medio":[],"organizador":[],"class_list":["post-16","post","type-post","status-publish","format-standard","has-post-thumbnail","hentry","category-notas-de-prensa","tag-bilbao","tag-fichajes","tag-maitane-valdecantos"],"_links":{"self":[{"href":"https:\/\/www.audens.es\/sala-de-prensa\/wp-json\/wp\/v2\/posts\/16","targetHints":{"allow":["GET"]}}],"collection":[{"href":"https:\/\/www.audens.es\/sala-de-prensa\/wp-json\/wp\/v2\/posts"}],"about":[{"href":"https:\/\/www.audens.es\/sala-de-prensa\/wp-json\/wp\/v2\/types\/post"}],"author":[{"embeddable":true,"href":"https:\/\/www.audens.es\/sala-de-prensa\/wp-json\/wp\/v2\/users\/1"}],"replies":[{"embeddable":true,"href":"https:\/\/www.audens.es\/sala-de-prensa\/wp-json\/wp\/v2\/comments?post=16"}],"version-history":[{"count":4,"href":"https:\/\/www.audens.es\/sala-de-prensa\/wp-json\/wp\/v2\/posts\/16\/revisions"}],"predecessor-version":[{"id":2641,"href":"https:\/\/www.audens.es\/sala-de-prensa\/wp-json\/wp\/v2\/posts\/16\/revisions\/2641"}],"wp:featuredmedia":[{"embeddable":true,"href":"https:\/\/www.audens.es\/sala-de-prensa\/wp-json\/wp\/v2\/media\/17"}],"wp:attachment":[{"href":"https:\/\/www.audens.es\/sala-de-prensa\/wp-json\/wp\/v2\/media?parent=16"}],"wp:term":[{"taxonomy":"category","embeddable":true,"href":"https:\/\/www.audens.es\/sala-de-prensa\/wp-json\/wp\/v2\/categories?post=16"},{"taxonomy":"post_tag","embeddable":true,"href":"https:\/\/www.audens.es\/sala-de-prensa\/wp-json\/wp\/v2\/tags?post=16"},{"taxonomy":"medio","embeddable":true,"href":"https:\/\/www.audens.es\/sala-de-prensa\/wp-json\/wp\/v2\/medio?post=16"},{"taxonomy":"organizador","embeddable":true,"href":"https:\/\/www.audens.es\/sala-de-prensa\/wp-json\/wp\/v2\/organizador?post=16"}],"curies":[{"name":"wp","href":"https:\/\/api.w.org\/{rel}","templated":true}]}}