{"id":1581,"date":"2021-12-07T17:00:00","date_gmt":"2021-12-07T16:00:00","guid":{"rendered":"https:\/\/www.audens.es\/sala-de-prensa\/?p=1581"},"modified":"2022-01-25T19:11:33","modified_gmt":"2022-01-25T18:11:33","slug":"iv-congreso-privacidad-dialogos-de-dpds","status":"publish","type":"post","link":"https:\/\/www.audens.es\/sala-de-prensa\/iv-congreso-privacidad-dialogos-de-dpds\/","title":{"rendered":"IV Congreso Privacidad \u00abDi\u00e1logos de DPDs\u00bb"},"content":{"rendered":"\n<div class=\"wp-block-image\"><figure class=\"aligncenter size-full\"><img loading=\"lazy\" decoding=\"async\" width=\"575\" height=\"215\" src=\"https:\/\/www.audens.es\/sala-de-prensa\/wp-content\/uploads\/2022\/01\/aec.png\" alt=\"\" class=\"wp-image-1582\" srcset=\"https:\/\/www.audens.es\/sala-de-prensa\/wp-content\/uploads\/2022\/01\/aec.png 575w, https:\/\/www.audens.es\/sala-de-prensa\/wp-content\/uploads\/2022\/01\/aec-300x112.png 300w\" sizes=\"auto, (max-width: 575px) 100vw, 575px\" \/><\/figure><\/div>\n\n\n\n<p>El 14 de diciembre se celebrar\u00e1, en Madrid, el\u00a0IV Congreso de Privacidad del Club DPD de la Asociaci\u00f3n Espa\u00f1ola para la Calidad (AEC), donde nuestro compa\u00f1ero <a href=\"https:\/\/www.audens.es\/leandro-nunez.php\">Leandro N\u00fa\u00f1ez<\/a> participar\u00e1 en una mesa redonda denominada: \u00abLas Transferencias internacionales despu\u00e9s de un a\u00f1o de muchos cambios\u00bb<\/p>\n\n\n\n<p>Puedes <a rel=\"noreferrer noopener\" href=\"https:\/\/congreso-privacidad-club-dpd.aec.es\/\" target=\"_blank\">consultar el programa<\/a>.<\/p>\n","protected":false},"excerpt":{"rendered":"Leandro N\u00fa\u00f1ez participar\u00e1 el 14 de diciembre en una mesa redonda en el marco del\u00a0IV Congreso de Privacidad de la AEC, bajo el t\u00edtulo: \u00abLas Transferencias internacionales despu\u00e9s de un a\u00f1o de muchos cambios\u00bb <A CLASS=\"read-more\" HREF=\"https:\/\/www.audens.es\/sala-de-prensa\/iv-congreso-privacidad-dialogos-de-dpds\/\">[+]<\/A>","protected":false},"author":2,"featured_media":0,"comment_status":"closed","ping_status":"open","sticky":false,"template":"","format":"standard","meta":{"footnotes":""},"categories":[2],"tags":[35,7,23],"medio":[],"organizador":[],"class_list":["post-1581","post","type-post","status-publish","format-standard","hentry","category-eventos","tag-aec","tag-leandro-nunez","tag-proteccion-de-datos"],"_links":{"self":[{"href":"https:\/\/www.audens.es\/sala-de-prensa\/wp-json\/wp\/v2\/posts\/1581","targetHints":{"allow":["GET"]}}],"collection":[{"href":"https:\/\/www.audens.es\/sala-de-prensa\/wp-json\/wp\/v2\/posts"}],"about":[{"href":"https:\/\/www.audens.es\/sala-de-prensa\/wp-json\/wp\/v2\/types\/post"}],"author":[{"embeddable":true,"href":"https:\/\/www.audens.es\/sala-de-prensa\/wp-json\/wp\/v2\/users\/2"}],"replies":[{"embeddable":true,"href":"https:\/\/www.audens.es\/sala-de-prensa\/wp-json\/wp\/v2\/comments?post=1581"}],"version-history":[{"count":6,"href":"https:\/\/www.audens.es\/sala-de-prensa\/wp-json\/wp\/v2\/posts\/1581\/revisions"}],"predecessor-version":[{"id":1589,"href":"https:\/\/www.audens.es\/sala-de-prensa\/wp-json\/wp\/v2\/posts\/1581\/revisions\/1589"}],"wp:attachment":[{"href":"https:\/\/www.audens.es\/sala-de-prensa\/wp-json\/wp\/v2\/media?parent=1581"}],"wp:term":[{"taxonomy":"category","embeddable":true,"href":"https:\/\/www.audens.es\/sala-de-prensa\/wp-json\/wp\/v2\/categories?post=1581"},{"taxonomy":"post_tag","embeddable":true,"href":"https:\/\/www.audens.es\/sala-de-prensa\/wp-json\/wp\/v2\/tags?post=1581"},{"taxonomy":"medio","embeddable":true,"href":"https:\/\/www.audens.es\/sala-de-prensa\/wp-json\/wp\/v2\/medio?post=1581"},{"taxonomy":"organizador","embeddable":true,"href":"https:\/\/www.audens.es\/sala-de-prensa\/wp-json\/wp\/v2\/organizador?post=1581"}],"curies":[{"name":"wp","href":"https:\/\/api.w.org\/{rel}","templated":true}]}}