{"id":1547,"date":"2021-11-23T16:55:00","date_gmt":"2021-11-23T15:55:00","guid":{"rendered":"https:\/\/www.audens.es\/sala-de-prensa\/?p=1547"},"modified":"2021-11-24T17:22:49","modified_gmt":"2021-11-24T16:22:49","slug":"los-socios-de-proteccion-de-datos-de-audens-repiten-en-best-lawyers","status":"publish","type":"post","link":"https:\/\/www.audens.es\/sala-de-prensa\/los-socios-de-proteccion-de-datos-de-audens-repiten-en-best-lawyers\/","title":{"rendered":"Los socios de protecci\u00f3n de datos de Audens repiten en Best Lawyers"},"content":{"rendered":"\n<p><strong>Marcos Judel y Leandro N\u00fa\u00f1ez vuelven a ser incluidos en uno de los rankings de abogados m\u00e1s respetados a nivel internacional.<\/strong><\/p>\n\n\n\n<p>El directorio jur\u00eddico Best Lawyers\u2122 ha publicado su listado de abogados recomendados en Espa\u00f1a para 2022. Por segundo a\u00f1o consecutivo, los dos socios responsables del \u00e1rea de protecci\u00f3n de datos de Audens, <a href=\"https:\/\/www.audens.es\/marcos-judel.php\">Marcos Judel<\/a> y <a href=\"https:\/\/www.audens.es\/leandro-nunez.php\">Leandro N\u00fa\u00f1ez<\/a>, han sido incluidos en este reputado ranking, en el \u00e1rea de Privacy &amp; Data Protection Law. Se trata del segundo reconocimiento que recibe nuestro bufete en menos de una semana, tras haber sido seleccionado por Cinco D\u00edas como <a href=\"https:\/\/www.audens.es\/sala-de-prensa\/audens-entre-los-mejores-despachos-de-abogados-de-espana-segun-cinco-dias\/\" data-type=\"URL\" data-id=\"https:\/\/www.audens.es\/sala-de-prensa\/audens-entre-los-mejores-despachos-de-abogados-de-espana-segun-cinco-dias\/\">uno de los 100 mejores despachos de abogados de Espa\u00f1a<\/a>.<\/p>\n\n\n\n<p>Best Lawyers\u2122 es una publicaci\u00f3n estadounidense que cuenta con casi cuarenta a\u00f1os de experiencia en la elaboraci\u00f3n de rankings de abogados. Su funcionamiento se basa en el reconocimiento entre iguales: se accede a trav\u00e9s del voto de otros compa\u00f1eros letrados, emitido en base a las aptitudes de cada nominado en su \u00e1rea de pr\u00e1ctica. No es posible pagar ning\u00fan tipo de cuota para formar parte de esta publicaci\u00f3n.<\/p>\n\n\n\n<p>Puedes <a href=\"https:\/\/www.bestlawyers.com\/current-edition\/spain\">consultar el ranking completo<\/a>.<\/p>\n","protected":false},"excerpt":{"rendered":"Marcos Judel y Leandro N\u00fa\u00f1ez vuelven a ser incluidos en uno de los rankings de abogados m\u00e1s respetados a nivel internacional, en el \u00e1rea de Privacy &#038; Data Protection Law. <A CLASS=\"read-more\" HREF=\"https:\/\/www.audens.es\/sala-de-prensa\/los-socios-de-proteccion-de-datos-de-audens-repiten-en-best-lawyers\/\">[+]<\/A>","protected":false},"author":1,"featured_media":1548,"comment_status":"closed","ping_status":"open","sticky":false,"template":"","format":"standard","meta":{"footnotes":""},"categories":[3],"tags":[170,7,13,23,196],"medio":[],"organizador":[],"class_list":["post-1547","post","type-post","status-publish","format-standard","has-post-thumbnail","hentry","category-notas-de-prensa","tag-best-lawyers","tag-leandro-nunez","tag-marcos-judel","tag-proteccion-de-datos","tag-reconocimientos"],"_links":{"self":[{"href":"https:\/\/www.audens.es\/sala-de-prensa\/wp-json\/wp\/v2\/posts\/1547","targetHints":{"allow":["GET"]}}],"collection":[{"href":"https:\/\/www.audens.es\/sala-de-prensa\/wp-json\/wp\/v2\/posts"}],"about":[{"href":"https:\/\/www.audens.es\/sala-de-prensa\/wp-json\/wp\/v2\/types\/post"}],"author":[{"embeddable":true,"href":"https:\/\/www.audens.es\/sala-de-prensa\/wp-json\/wp\/v2\/users\/1"}],"replies":[{"embeddable":true,"href":"https:\/\/www.audens.es\/sala-de-prensa\/wp-json\/wp\/v2\/comments?post=1547"}],"version-history":[{"count":1,"href":"https:\/\/www.audens.es\/sala-de-prensa\/wp-json\/wp\/v2\/posts\/1547\/revisions"}],"predecessor-version":[{"id":1549,"href":"https:\/\/www.audens.es\/sala-de-prensa\/wp-json\/wp\/v2\/posts\/1547\/revisions\/1549"}],"wp:featuredmedia":[{"embeddable":true,"href":"https:\/\/www.audens.es\/sala-de-prensa\/wp-json\/wp\/v2\/media\/1548"}],"wp:attachment":[{"href":"https:\/\/www.audens.es\/sala-de-prensa\/wp-json\/wp\/v2\/media?parent=1547"}],"wp:term":[{"taxonomy":"category","embeddable":true,"href":"https:\/\/www.audens.es\/sala-de-prensa\/wp-json\/wp\/v2\/categories?post=1547"},{"taxonomy":"post_tag","embeddable":true,"href":"https:\/\/www.audens.es\/sala-de-prensa\/wp-json\/wp\/v2\/tags?post=1547"},{"taxonomy":"medio","embeddable":true,"href":"https:\/\/www.audens.es\/sala-de-prensa\/wp-json\/wp\/v2\/medio?post=1547"},{"taxonomy":"organizador","embeddable":true,"href":"https:\/\/www.audens.es\/sala-de-prensa\/wp-json\/wp\/v2\/organizador?post=1547"}],"curies":[{"name":"wp","href":"https:\/\/api.w.org\/{rel}","templated":true}]}}