{"id":151,"date":"2019-06-10T18:00:18","date_gmt":"2019-06-10T16:00:18","guid":{"rendered":"https:\/\/www.audens.es\/sala-de-prensa\/?p=151"},"modified":"2020-10-31T00:32:49","modified_gmt":"2020-10-30T23:32:49","slug":"la1-chollos-o-errores","status":"publish","type":"post","link":"https:\/\/www.audens.es\/sala-de-prensa\/la1-chollos-o-errores\/","title":{"rendered":"\u00bfChollos o errores?"},"content":{"rendered":"\n<div class=\"wp-block-image\"><figure class=\"aligncenter\"><a href=\"http:\/\/bit.ly\/2F1Eru6\" target=\"_blank\" rel=\"noreferrer noopener\"><img loading=\"lazy\" decoding=\"async\" width=\"575\" height=\"323\" src=\"https:\/\/www.audens.es\/sala-de-prensa\/wp-content\/uploads\/2019\/06\/telediario1.jpeg\" alt=\"La1: \u00bfChollos o errores?\" class=\"wp-image-152\" srcset=\"https:\/\/www.audens.es\/sala-de-prensa\/wp-content\/uploads\/2019\/06\/telediario1.jpeg 575w, https:\/\/www.audens.es\/sala-de-prensa\/wp-content\/uploads\/2019\/06\/telediario1-300x169.jpeg 300w\" sizes=\"auto, (max-width: 575px) 100vw, 575px\" \/><\/a><\/figure><\/div>\n\n\n\n<p>Nuestro compa\u00f1ero <a href=\"https:\/\/www.audens.es\/leandro-nunez.php\">Leandro N\u00fa\u00f1ez<\/a> opina en el Telediario de La 1 acerca de los l\u00edmites de los derechos de los consumidores en caso de un error tipogr\u00e1fico, cuando el precio de venta es exageradamente bajo.<\/p>\n\n\n\n<p>Accede a <a rel=\"noreferrer noopener\" aria-label=\"la noticia completa y al v\u00eddeo (abre en una nueva pesta\u00f1a)\" href=\"http:\/\/bit.ly\/2F1Eru6\" target=\"_blank\">la noticia completa y al v\u00eddeo<\/a> (min 32:55).<\/p>\n","protected":false},"excerpt":{"rendered":"Nuestro compa\u00f1ero Leandro N\u00fa\u00f1ez opina en el Telediario de La 1 acerca de los l\u00edmites de los derechos de los consumidores en caso de un error tipogr\u00e1fico. <A CLASS=\"read-more\" HREF=\"https:\/\/www.audens.es\/sala-de-prensa\/la1-chollos-o-errores\/\">[+]<\/A>","protected":false},"author":2,"featured_media":0,"comment_status":"closed","ping_status":"open","sticky":false,"template":"","format":"standard","meta":{"footnotes":""},"categories":[162],"tags":[53,7],"medio":[21],"organizador":[],"class_list":["post-151","post","type-post","status-publish","format-standard","hentry","category-television","tag-consumidores-y-usuarios","tag-leandro-nunez","medio-la1"],"_links":{"self":[{"href":"https:\/\/www.audens.es\/sala-de-prensa\/wp-json\/wp\/v2\/posts\/151","targetHints":{"allow":["GET"]}}],"collection":[{"href":"https:\/\/www.audens.es\/sala-de-prensa\/wp-json\/wp\/v2\/posts"}],"about":[{"href":"https:\/\/www.audens.es\/sala-de-prensa\/wp-json\/wp\/v2\/types\/post"}],"author":[{"embeddable":true,"href":"https:\/\/www.audens.es\/sala-de-prensa\/wp-json\/wp\/v2\/users\/2"}],"replies":[{"embeddable":true,"href":"https:\/\/www.audens.es\/sala-de-prensa\/wp-json\/wp\/v2\/comments?post=151"}],"version-history":[{"count":6,"href":"https:\/\/www.audens.es\/sala-de-prensa\/wp-json\/wp\/v2\/posts\/151\/revisions"}],"predecessor-version":[{"id":210,"href":"https:\/\/www.audens.es\/sala-de-prensa\/wp-json\/wp\/v2\/posts\/151\/revisions\/210"}],"wp:attachment":[{"href":"https:\/\/www.audens.es\/sala-de-prensa\/wp-json\/wp\/v2\/media?parent=151"}],"wp:term":[{"taxonomy":"category","embeddable":true,"href":"https:\/\/www.audens.es\/sala-de-prensa\/wp-json\/wp\/v2\/categories?post=151"},{"taxonomy":"post_tag","embeddable":true,"href":"https:\/\/www.audens.es\/sala-de-prensa\/wp-json\/wp\/v2\/tags?post=151"},{"taxonomy":"medio","embeddable":true,"href":"https:\/\/www.audens.es\/sala-de-prensa\/wp-json\/wp\/v2\/medio?post=151"},{"taxonomy":"organizador","embeddable":true,"href":"https:\/\/www.audens.es\/sala-de-prensa\/wp-json\/wp\/v2\/organizador?post=151"}],"curies":[{"name":"wp","href":"https:\/\/api.w.org\/{rel}","templated":true}]}}