{"id":140,"date":"2013-02-19T12:00:46","date_gmt":"2013-02-19T11:00:46","guid":{"rendered":"https:\/\/www.audens.es\/sala-de-prensa\/?p=140"},"modified":"2021-08-13T01:26:52","modified_gmt":"2021-08-12T23:26:52","slug":"expansion-cerco-legal-a-los-abusos-en-los-concursos-nocturnos-de-tv","status":"publish","type":"post","link":"https:\/\/www.audens.es\/sala-de-prensa\/expansion-cerco-legal-a-los-abusos-en-los-concursos-nocturnos-de-tv\/","title":{"rendered":"\u00bfEnga\u00f1an los concursos nocturnos a los espectadores?"},"content":{"rendered":"\n<div class=\"wp-block-image\"><figure class=\"aligncenter size-full\"><img loading=\"lazy\" decoding=\"async\" width=\"525\" height=\"350\" src=\"https:\/\/www.audens.es\/sala-de-prensa\/wp-content\/uploads\/2021\/08\/concursos.jpg\" alt=\"\" class=\"wp-image-1445\" srcset=\"https:\/\/www.audens.es\/sala-de-prensa\/wp-content\/uploads\/2021\/08\/concursos.jpg 525w, https:\/\/www.audens.es\/sala-de-prensa\/wp-content\/uploads\/2021\/08\/concursos-300x200.jpg 300w\" sizes=\"auto, (max-width: 525px) 100vw, 525px\" \/><\/figure><\/div>\n\n\n\n<p>Un juzgado confirma una sanci\u00f3n de consumo a una productora de televisi\u00f3n por la falta de transparencia de sus concursos hacia los espectadores. Nuestro compa\u00f1ero <a href=\"https:\/\/www.audens.es\/marcos-judel.php\">Marcos Judel<\/a> opina sobre el tema en Expansi\u00f3n.<\/p>\n\n\n\n<p> Foto: <a href=\"https:\/\/unsplash.com\/photos\/RSsqjpezn6o\" target=\"_blank\" rel=\"noreferrer noopener\">Dylan Nolte<\/a> (v\u00eda Unsplash) <br>Lee la <a rel=\"noreferrer noopener\" aria-label=\"noticia completa (abre en una nueva pesta\u00f1a)\" href=\"http:\/\/www.expansion.com\/2012\/10\/23\/juridico\/1351015102.html\" target=\"_blank\">noticia completa<\/a>.<\/p>\n","protected":false},"excerpt":{"rendered":"Un juzgado confirma una sanci\u00f3n de consumo a una productora de televisi\u00f3n por la falta de transparencia de sus concursos hacia los espectadores. Nuestro compa\u00f1ero Marcos Judel opina sobre el tema en Expansi\u00f3n. Foto: Dylan Nolte (v\u00eda Unsplash) Lee la noticia completa. <A CLASS=\"read-more\" HREF=\"https:\/\/www.audens.es\/sala-de-prensa\/expansion-cerco-legal-a-los-abusos-en-los-concursos-nocturnos-de-tv\/\">[+]<\/A>","protected":false},"author":1,"featured_media":0,"comment_status":"closed","ping_status":"open","sticky":false,"template":"","format":"standard","meta":{"footnotes":""},"categories":[164],"tags":[53,13],"medio":[52],"organizador":[],"class_list":["post-140","post","type-post","status-publish","format-standard","hentry","category-prensa-escrita","tag-consumidores-y-usuarios","tag-marcos-judel","medio-expansion"],"_links":{"self":[{"href":"https:\/\/www.audens.es\/sala-de-prensa\/wp-json\/wp\/v2\/posts\/140","targetHints":{"allow":["GET"]}}],"collection":[{"href":"https:\/\/www.audens.es\/sala-de-prensa\/wp-json\/wp\/v2\/posts"}],"about":[{"href":"https:\/\/www.audens.es\/sala-de-prensa\/wp-json\/wp\/v2\/types\/post"}],"author":[{"embeddable":true,"href":"https:\/\/www.audens.es\/sala-de-prensa\/wp-json\/wp\/v2\/users\/1"}],"replies":[{"embeddable":true,"href":"https:\/\/www.audens.es\/sala-de-prensa\/wp-json\/wp\/v2\/comments?post=140"}],"version-history":[{"count":2,"href":"https:\/\/www.audens.es\/sala-de-prensa\/wp-json\/wp\/v2\/posts\/140\/revisions"}],"predecessor-version":[{"id":1447,"href":"https:\/\/www.audens.es\/sala-de-prensa\/wp-json\/wp\/v2\/posts\/140\/revisions\/1447"}],"wp:attachment":[{"href":"https:\/\/www.audens.es\/sala-de-prensa\/wp-json\/wp\/v2\/media?parent=140"}],"wp:term":[{"taxonomy":"category","embeddable":true,"href":"https:\/\/www.audens.es\/sala-de-prensa\/wp-json\/wp\/v2\/categories?post=140"},{"taxonomy":"post_tag","embeddable":true,"href":"https:\/\/www.audens.es\/sala-de-prensa\/wp-json\/wp\/v2\/tags?post=140"},{"taxonomy":"medio","embeddable":true,"href":"https:\/\/www.audens.es\/sala-de-prensa\/wp-json\/wp\/v2\/medio?post=140"},{"taxonomy":"organizador","embeddable":true,"href":"https:\/\/www.audens.es\/sala-de-prensa\/wp-json\/wp\/v2\/organizador?post=140"}],"curies":[{"name":"wp","href":"https:\/\/api.w.org\/{rel}","templated":true}]}}