{"id":1355,"date":"2021-04-07T17:30:00","date_gmt":"2021-04-07T15:30:00","guid":{"rendered":"https:\/\/www.audens.es\/sala-de-prensa\/?p=1355"},"modified":"2021-04-15T17:05:50","modified_gmt":"2021-04-15T15:05:50","slug":"confilegal-analisis-de-la-actuacion-de-la-aepd-durante-2020","status":"publish","type":"post","link":"https:\/\/www.audens.es\/sala-de-prensa\/confilegal-analisis-de-la-actuacion-de-la-aepd-durante-2020\/","title":{"rendered":"An\u00e1lisis de la actuaci\u00f3n de la AEPD durante 2020"},"content":{"rendered":"\n<div class=\"wp-block-image\"><figure class=\"aligncenter size-large\"><img loading=\"lazy\" decoding=\"async\" width=\"575\" height=\"383\" src=\"https:\/\/www.audens.es\/sala-de-prensa\/wp-content\/uploads\/2021\/04\/dinero.jpg\" alt=\"\" class=\"wp-image-1356\" srcset=\"https:\/\/www.audens.es\/sala-de-prensa\/wp-content\/uploads\/2021\/04\/dinero.jpg 575w, https:\/\/www.audens.es\/sala-de-prensa\/wp-content\/uploads\/2021\/04\/dinero-300x200.jpg 300w\" sizes=\"auto, (max-width: 575px) 100vw, 575px\" \/><\/figure><\/div>\n\n\n\n<p>Tras publicar la Agencia Espa\u00f1ola de Protecci\u00f3n de Datos (AEPD) su Memoria 2020, que recoge las actividades realizadas a lo largo del a\u00f1o, Confilegal ha querido contar con <a href=\"https:\/\/www.audens.es\/leandro-nunez.php\">Leandro N\u00fa\u00f1ez<\/a> para hacer un somero an\u00e1lisis del desempe\u00f1o de este organismo. Aspectos como la cuant\u00eda de las sanciones, el incremento de procedimientos transfronterizos o la labor de la Agencia ante la pandemia fueron abordados por nuestro compa\u00f1ero.<\/p>\n\n\n\n<p>Foto: <a rel=\"noreferrer noopener\" href=\"https:\/\/unsplash.com\/@diesektion?utm_source=unsplash&amp;utm_medium=referral&amp;utm_content=creditCopyText\" target=\"_blank\">Robert Anasch<\/a> (v\u00eda Unsplash)<br>Puedes <a href=\"https:\/\/confilegal.com\/20210407-las-multas-de-la-aepd-en-2020-crecieron-un-27-por-encima-de-los-8-millones-de-euros-aunque-en-2021-seran-mayores\/\" target=\"_blank\" rel=\"noreferrer noopener\">leer el art\u00edculo completo<\/a>.<\/p>\n\n\n\n<p><\/p>\n","protected":false},"excerpt":{"rendered":"Leandro N\u00fa\u00f1ez opina para Confilegal sobre las principales cifras que arroja la memoria anual de la Agencia Espa\u00f1ola de Protecci\u00f3n de Datos. <A CLASS=\"read-more\" HREF=\"https:\/\/www.audens.es\/sala-de-prensa\/confilegal-analisis-de-la-actuacion-de-la-aepd-durante-2020\/\">[+]<\/A>","protected":false},"author":2,"featured_media":0,"comment_status":"closed","ping_status":"open","sticky":false,"template":"","format":"standard","meta":{"footnotes":""},"categories":[164],"tags":[7,23],"medio":[29],"organizador":[],"class_list":["post-1355","post","type-post","status-publish","format-standard","hentry","category-prensa-escrita","tag-leandro-nunez","tag-proteccion-de-datos","medio-confilegal"],"_links":{"self":[{"href":"https:\/\/www.audens.es\/sala-de-prensa\/wp-json\/wp\/v2\/posts\/1355","targetHints":{"allow":["GET"]}}],"collection":[{"href":"https:\/\/www.audens.es\/sala-de-prensa\/wp-json\/wp\/v2\/posts"}],"about":[{"href":"https:\/\/www.audens.es\/sala-de-prensa\/wp-json\/wp\/v2\/types\/post"}],"author":[{"embeddable":true,"href":"https:\/\/www.audens.es\/sala-de-prensa\/wp-json\/wp\/v2\/users\/2"}],"replies":[{"embeddable":true,"href":"https:\/\/www.audens.es\/sala-de-prensa\/wp-json\/wp\/v2\/comments?post=1355"}],"version-history":[{"count":2,"href":"https:\/\/www.audens.es\/sala-de-prensa\/wp-json\/wp\/v2\/posts\/1355\/revisions"}],"predecessor-version":[{"id":1363,"href":"https:\/\/www.audens.es\/sala-de-prensa\/wp-json\/wp\/v2\/posts\/1355\/revisions\/1363"}],"wp:attachment":[{"href":"https:\/\/www.audens.es\/sala-de-prensa\/wp-json\/wp\/v2\/media?parent=1355"}],"wp:term":[{"taxonomy":"category","embeddable":true,"href":"https:\/\/www.audens.es\/sala-de-prensa\/wp-json\/wp\/v2\/categories?post=1355"},{"taxonomy":"post_tag","embeddable":true,"href":"https:\/\/www.audens.es\/sala-de-prensa\/wp-json\/wp\/v2\/tags?post=1355"},{"taxonomy":"medio","embeddable":true,"href":"https:\/\/www.audens.es\/sala-de-prensa\/wp-json\/wp\/v2\/medio?post=1355"},{"taxonomy":"organizador","embeddable":true,"href":"https:\/\/www.audens.es\/sala-de-prensa\/wp-json\/wp\/v2\/organizador?post=1355"}],"curies":[{"name":"wp","href":"https:\/\/api.w.org\/{rel}","templated":true}]}}