{"id":1339,"date":"2021-04-14T18:00:00","date_gmt":"2021-04-14T16:00:00","guid":{"rendered":"https:\/\/www.audens.es\/sala-de-prensa\/?p=1339"},"modified":"2021-11-22T17:25:30","modified_gmt":"2021-11-22T16:25:30","slug":"the-legal-500-reconoce-a-audens-como-firma-lider-en-proteccion-de-datos","status":"publish","type":"post","link":"https:\/\/www.audens.es\/sala-de-prensa\/the-legal-500-reconoce-a-audens-como-firma-lider-en-proteccion-de-datos\/","title":{"rendered":"The Legal 500 reconoce a Audens como firma l\u00edder en protecci\u00f3n de datos"},"content":{"rendered":"\n<p><strong>Solo diez bufetes especializados figuran en el listado en este \u00e1rea para Espa\u00f1a, que ha sido publicado hoy.<\/strong><\/p>\n\n\n\n<p><strong>Audens es la \u00fanica boutique en lograrlo, al margen de los grandes despachos nacionales e internacionales.<\/strong><\/p>\n\n\n\n<p>El directorio jur\u00eddico The Legal 500  ha publicado, en el d\u00eda de hoy, su listado anual de bufetes de abogados de referencia en el mercado espa\u00f1ol. Audens, firma especializada en derecho tecnol\u00f3gico y creativo, logra incorporarse a esta prestigiosa publicaci\u00f3n, que recoge a los despachos l\u00edderes en cada \u00e1rea de pr\u00e1ctica en los principales pa\u00edses del mundo. El bufete ha sido reconocido en el \u00e1mbito de \u00ab<a rel=\"noreferrer noopener\" href=\"https:\/\/www.legal500.com\/c\/spain\/data-privacy-and-data-protection\/\" target=\"_blank\">data privacy and data protection<\/a>\u00bb, en su tercera banda; y es la \u00fanica boutique jur\u00eddica en formar parte de esta clasificaci\u00f3n, junto a nueve de las grandes firmas nacionales e internacionales que operan en nuestro pa\u00eds.<\/p>\n\n\n\n<p>The Legal 500 es una editorial brit\u00e1nica que cuenta con m\u00e1s de treinta a\u00f1os de experiencia en la elaboraci\u00f3n de rankings de despachos de abogados. Es considerada, junto a Chambers &amp; Partners, como la publicaci\u00f3n referente en el sector, tanto por la calidad en su investigaci\u00f3n como por su acreditada reputaci\u00f3n internacional. Su funcionamiento se basa en el an\u00e1lisis de los principales asuntos encomendados a un despacho, en la satisfacci\u00f3n de sus clientes y en la experiencia de sus profesionales. No es posible pagar ning\u00fan tipo de cuota para formar parte de los listados por ellos publicados.<\/p>\n\n\n\n<p>La inclusi\u00f3n de Audens en esta publicaci\u00f3n respalda un recorrido de m\u00e1s de una d\u00e9cada en el mundo del derecho tecnol\u00f3gico, y nos impulsa para continuar prestando un servicio innovador y altamente especializado no solo en el \u00e1mbito de la <a href=\"https:\/\/www.audens.es\/abogados\/proteccion-de-datos.php\">protecci\u00f3n de datos<\/a>, sino tambi\u00e9n en las dem\u00e1s <a href=\"https:\/\/www.audens.es\/areas-de-practica.php\">\u00e1reas de pr\u00e1ctica<\/a> de la firma.<\/p>\n","protected":false},"excerpt":{"rendered":"Solo diez bufetes especializados figuran en el listado en este \u00e1rea para Espa\u00f1a, que ha sido publicado hoy. Audens es la \u00fanica boutique en lograrlo, al margen de los grandes despachos nacionales e internacionales. <A CLASS=\"read-more\" HREF=\"https:\/\/www.audens.es\/sala-de-prensa\/the-legal-500-reconoce-a-audens-como-firma-lider-en-proteccion-de-datos\/\">[+]<\/A>","protected":false},"author":1,"featured_media":1350,"comment_status":"closed","ping_status":"open","sticky":false,"template":"","format":"standard","meta":{"footnotes":""},"categories":[3],"tags":[23,196,186],"medio":[],"organizador":[],"class_list":["post-1339","post","type-post","status-publish","format-standard","has-post-thumbnail","hentry","category-notas-de-prensa","tag-proteccion-de-datos","tag-reconocimientos","tag-the-legal-500"],"_links":{"self":[{"href":"https:\/\/www.audens.es\/sala-de-prensa\/wp-json\/wp\/v2\/posts\/1339","targetHints":{"allow":["GET"]}}],"collection":[{"href":"https:\/\/www.audens.es\/sala-de-prensa\/wp-json\/wp\/v2\/posts"}],"about":[{"href":"https:\/\/www.audens.es\/sala-de-prensa\/wp-json\/wp\/v2\/types\/post"}],"author":[{"embeddable":true,"href":"https:\/\/www.audens.es\/sala-de-prensa\/wp-json\/wp\/v2\/users\/1"}],"replies":[{"embeddable":true,"href":"https:\/\/www.audens.es\/sala-de-prensa\/wp-json\/wp\/v2\/comments?post=1339"}],"version-history":[{"count":14,"href":"https:\/\/www.audens.es\/sala-de-prensa\/wp-json\/wp\/v2\/posts\/1339\/revisions"}],"predecessor-version":[{"id":1545,"href":"https:\/\/www.audens.es\/sala-de-prensa\/wp-json\/wp\/v2\/posts\/1339\/revisions\/1545"}],"wp:featuredmedia":[{"embeddable":true,"href":"https:\/\/www.audens.es\/sala-de-prensa\/wp-json\/wp\/v2\/media\/1350"}],"wp:attachment":[{"href":"https:\/\/www.audens.es\/sala-de-prensa\/wp-json\/wp\/v2\/media?parent=1339"}],"wp:term":[{"taxonomy":"category","embeddable":true,"href":"https:\/\/www.audens.es\/sala-de-prensa\/wp-json\/wp\/v2\/categories?post=1339"},{"taxonomy":"post_tag","embeddable":true,"href":"https:\/\/www.audens.es\/sala-de-prensa\/wp-json\/wp\/v2\/tags?post=1339"},{"taxonomy":"medio","embeddable":true,"href":"https:\/\/www.audens.es\/sala-de-prensa\/wp-json\/wp\/v2\/medio?post=1339"},{"taxonomy":"organizador","embeddable":true,"href":"https:\/\/www.audens.es\/sala-de-prensa\/wp-json\/wp\/v2\/organizador?post=1339"}],"curies":[{"name":"wp","href":"https:\/\/api.w.org\/{rel}","templated":true}]}}