{"id":1233,"date":"2021-01-18T09:43:00","date_gmt":"2021-01-18T08:43:00","guid":{"rendered":"https:\/\/www.audens.es\/sala-de-prensa\/?p=1233"},"modified":"2021-01-27T10:17:09","modified_gmt":"2021-01-27T09:17:09","slug":"schrems-ii-e-interes-legitimo-en-el-ambito-publicitario","status":"publish","type":"post","link":"https:\/\/www.audens.es\/sala-de-prensa\/schrems-ii-e-interes-legitimo-en-el-ambito-publicitario\/","title":{"rendered":"Schrems II e inter\u00e9s leg\u00edtimo en el \u00e1mbito publicitario"},"content":{"rendered":"\n<div class=\"wp-block-image\"><figure class=\"aligncenter size-large\"><img loading=\"lazy\" decoding=\"async\" width=\"575\" height=\"431\" src=\"https:\/\/www.audens.es\/sala-de-prensa\/wp-content\/uploads\/2021\/01\/marcos-judel.jpg\" alt=\"\" class=\"wp-image-1246\" srcset=\"https:\/\/www.audens.es\/sala-de-prensa\/wp-content\/uploads\/2021\/01\/marcos-judel.jpg 575w, https:\/\/www.audens.es\/sala-de-prensa\/wp-content\/uploads\/2021\/01\/marcos-judel-300x225.jpg 300w\" sizes=\"auto, (max-width: 575px) 100vw, 575px\" \/><\/figure><\/div>\n\n\n\n<p>El mi\u00e9rcoles 27 de enero, nuestro compa\u00f1ero <a href=\"https:\/\/www.audens.es\/marcos-judel.php\">Marcos Judel<\/a> participar\u00e1, junto a la Directora de la Agencia Espa\u00f1ola de Protecci\u00f3n de Datos, en una jornada organizada por APEP en la que se tratar\u00e1n las implicaciones de la sentencia Schrems II y las novedades en materia de inter\u00e9s leg\u00edtimo en el \u00e1mbito publicitario.<\/p>\n\n\n\n<p>Puedes <a href=\"https:\/\/www.apep.es\/actividades\/sesion-online-apep-dia-europeo-proteccion-de-datos-scherms-ii-e-interes-legitimo\/?v=3b0903ff8db1\">ver el programa completo e inscribirte<\/a>.<\/p>\n","protected":false},"excerpt":{"rendered":"El mi\u00e9rcoles 27 de enero, Marcos Judel participar\u00e1 en una jornada organizada por APEP, en la que se tratar\u00e1n las implicaciones de la sentencia Schrems II y el inter\u00e9s leg\u00edtimo en \u00e1mbito publicitario. <A CLASS=\"read-more\" HREF=\"https:\/\/www.audens.es\/sala-de-prensa\/schrems-ii-e-interes-legitimo-en-el-ambito-publicitario\/\">[+]<\/A>","protected":false},"author":2,"featured_media":0,"comment_status":"closed","ping_status":"open","sticky":false,"template":"","format":"standard","meta":{"footnotes":""},"categories":[2],"tags":[15,13,23,22],"medio":[],"organizador":[],"class_list":["post-1233","post","type-post","status-publish","format-standard","hentry","category-eventos","tag-apep","tag-marcos-judel","tag-proteccion-de-datos","tag-publicidad"],"_links":{"self":[{"href":"https:\/\/www.audens.es\/sala-de-prensa\/wp-json\/wp\/v2\/posts\/1233","targetHints":{"allow":["GET"]}}],"collection":[{"href":"https:\/\/www.audens.es\/sala-de-prensa\/wp-json\/wp\/v2\/posts"}],"about":[{"href":"https:\/\/www.audens.es\/sala-de-prensa\/wp-json\/wp\/v2\/types\/post"}],"author":[{"embeddable":true,"href":"https:\/\/www.audens.es\/sala-de-prensa\/wp-json\/wp\/v2\/users\/2"}],"replies":[{"embeddable":true,"href":"https:\/\/www.audens.es\/sala-de-prensa\/wp-json\/wp\/v2\/comments?post=1233"}],"version-history":[{"count":4,"href":"https:\/\/www.audens.es\/sala-de-prensa\/wp-json\/wp\/v2\/posts\/1233\/revisions"}],"predecessor-version":[{"id":1248,"href":"https:\/\/www.audens.es\/sala-de-prensa\/wp-json\/wp\/v2\/posts\/1233\/revisions\/1248"}],"wp:attachment":[{"href":"https:\/\/www.audens.es\/sala-de-prensa\/wp-json\/wp\/v2\/media?parent=1233"}],"wp:term":[{"taxonomy":"category","embeddable":true,"href":"https:\/\/www.audens.es\/sala-de-prensa\/wp-json\/wp\/v2\/categories?post=1233"},{"taxonomy":"post_tag","embeddable":true,"href":"https:\/\/www.audens.es\/sala-de-prensa\/wp-json\/wp\/v2\/tags?post=1233"},{"taxonomy":"medio","embeddable":true,"href":"https:\/\/www.audens.es\/sala-de-prensa\/wp-json\/wp\/v2\/medio?post=1233"},{"taxonomy":"organizador","embeddable":true,"href":"https:\/\/www.audens.es\/sala-de-prensa\/wp-json\/wp\/v2\/organizador?post=1233"}],"curies":[{"name":"wp","href":"https:\/\/api.w.org\/{rel}","templated":true}]}}