{"id":1229,"date":"2021-01-20T09:04:00","date_gmt":"2021-01-20T08:04:00","guid":{"rendered":"https:\/\/www.audens.es\/sala-de-prensa\/?p=1229"},"modified":"2021-01-29T13:07:44","modified_gmt":"2021-01-29T12:07:44","slug":"pabellon8-feria-virtual-de-turismo-y-tecnologia","status":"publish","type":"post","link":"https:\/\/www.audens.es\/sala-de-prensa\/pabellon8-feria-virtual-de-turismo-y-tecnologia\/","title":{"rendered":"Pabell\u00f3n 8, Feria Virtual de Turismo y Tecnolog\u00eda"},"content":{"rendered":"\n<div class=\"wp-block-image\"><figure class=\"aligncenter size-large\"><img loading=\"lazy\" decoding=\"async\" width=\"575\" height=\"156\" src=\"https:\/\/www.audens.es\/sala-de-prensa\/wp-content\/uploads\/2021\/01\/pabellonocho.png\" alt=\"\" class=\"wp-image-1231\" srcset=\"https:\/\/www.audens.es\/sala-de-prensa\/wp-content\/uploads\/2021\/01\/pabellonocho.png 575w, https:\/\/www.audens.es\/sala-de-prensa\/wp-content\/uploads\/2021\/01\/pabellonocho-300x81.png 300w\" sizes=\"auto, (max-width: 575px) 100vw, 575px\" \/><\/figure><\/div>\n\n\n\n<p>El mi\u00e9rcoles 27 de enero, nuestro socio <a href=\"https:\/\/www.audens.es\/marcos-judel.php\">Marcos Judel<\/a> participar\u00e1 como ponente en Pabell\u00f3n 8, una Feria Virtual de Turismo y Tecnolog\u00eda que pretende servir de alternativa a Fitur en tiempos de pandemia; y lo har\u00e1 como ponente en una mesa de debate titulada \u00abL\u00edmite PSD2\u00bb, que versar\u00e1 sobre la nueva regulaci\u00f3n de medios de pago y sus consecuencias para los hoteles.<\/p>\n\n\n\n<p>Puedes <a href=\"https:\/\/www.pabellon8.com\/es\/pabellon8\/Programa\/\" target=\"_blank\" rel=\"noreferrer noopener\">ver el programa completo e inscribirte<\/a>.<\/p>\n","protected":false},"excerpt":{"rendered":"El mi\u00e9rcoles 27 de enero, Marcos Judel participar\u00e1 en Pabell\u00f3n 8, en una mesa debate sobre PSD2, la nueva regulaci\u00f3n en los servicios de pago digitales. <A CLASS=\"read-more\" HREF=\"https:\/\/www.audens.es\/sala-de-prensa\/pabellon8-feria-virtual-de-turismo-y-tecnologia\/\">[+]<\/A>","protected":false},"author":2,"featured_media":0,"comment_status":"closed","ping_status":"open","sticky":false,"template":"","format":"standard","meta":{"footnotes":""},"categories":[2],"tags":[53,13,180],"medio":[],"organizador":[],"class_list":["post-1229","post","type-post","status-publish","format-standard","hentry","category-eventos","tag-consumidores-y-usuarios","tag-marcos-judel","tag-pabellon8"],"_links":{"self":[{"href":"https:\/\/www.audens.es\/sala-de-prensa\/wp-json\/wp\/v2\/posts\/1229","targetHints":{"allow":["GET"]}}],"collection":[{"href":"https:\/\/www.audens.es\/sala-de-prensa\/wp-json\/wp\/v2\/posts"}],"about":[{"href":"https:\/\/www.audens.es\/sala-de-prensa\/wp-json\/wp\/v2\/types\/post"}],"author":[{"embeddable":true,"href":"https:\/\/www.audens.es\/sala-de-prensa\/wp-json\/wp\/v2\/users\/2"}],"replies":[{"embeddable":true,"href":"https:\/\/www.audens.es\/sala-de-prensa\/wp-json\/wp\/v2\/comments?post=1229"}],"version-history":[{"count":4,"href":"https:\/\/www.audens.es\/sala-de-prensa\/wp-json\/wp\/v2\/posts\/1229\/revisions"}],"predecessor-version":[{"id":1244,"href":"https:\/\/www.audens.es\/sala-de-prensa\/wp-json\/wp\/v2\/posts\/1229\/revisions\/1244"}],"wp:attachment":[{"href":"https:\/\/www.audens.es\/sala-de-prensa\/wp-json\/wp\/v2\/media?parent=1229"}],"wp:term":[{"taxonomy":"category","embeddable":true,"href":"https:\/\/www.audens.es\/sala-de-prensa\/wp-json\/wp\/v2\/categories?post=1229"},{"taxonomy":"post_tag","embeddable":true,"href":"https:\/\/www.audens.es\/sala-de-prensa\/wp-json\/wp\/v2\/tags?post=1229"},{"taxonomy":"medio","embeddable":true,"href":"https:\/\/www.audens.es\/sala-de-prensa\/wp-json\/wp\/v2\/medio?post=1229"},{"taxonomy":"organizador","embeddable":true,"href":"https:\/\/www.audens.es\/sala-de-prensa\/wp-json\/wp\/v2\/organizador?post=1229"}],"curies":[{"name":"wp","href":"https:\/\/api.w.org\/{rel}","templated":true}]}}