{"id":1226,"date":"2021-01-17T20:30:00","date_gmt":"2021-01-17T19:30:00","guid":{"rendered":"https:\/\/www.audens.es\/sala-de-prensa\/?p=1226"},"modified":"2021-01-25T10:40:35","modified_gmt":"2021-01-25T09:40:35","slug":"la-voz-de-galicia-puedo-difundir-conversaciones-privadas-de-whatsapp","status":"publish","type":"post","link":"https:\/\/www.audens.es\/sala-de-prensa\/la-voz-de-galicia-puedo-difundir-conversaciones-privadas-de-whatsapp\/","title":{"rendered":"\u00bfPuedo difundir conversaciones privadas de WhatsApp?"},"content":{"rendered":"\n<div class=\"wp-block-image\"><figure class=\"aligncenter size-large\"><img loading=\"lazy\" decoding=\"async\" width=\"575\" height=\"383\" src=\"https:\/\/www.audens.es\/sala-de-prensa\/wp-content\/uploads\/2021\/01\/redes.jpg\" alt=\"\" class=\"wp-image-1227\" srcset=\"https:\/\/www.audens.es\/sala-de-prensa\/wp-content\/uploads\/2021\/01\/redes.jpg 575w, https:\/\/www.audens.es\/sala-de-prensa\/wp-content\/uploads\/2021\/01\/redes-300x200.jpg 300w\" sizes=\"auto, (max-width: 575px) 100vw, 575px\" \/><\/figure><\/div>\n\n\n\n<p>Hace unos meses, una estudiante infectada con coronavirus se hizo viral tras hacer p\u00fablica en Twitter una conversaci\u00f3n de Whatsapp con sus compa\u00f1eras de piso. La Voz de Galicia ha contado con <a href=\"https:\/\/www.audens.es\/leandro-nunez.php\">Leandro N\u00fa\u00f1ez<\/a> para opinar sobre la legalidad de la difusi\u00f3n de conversaciones privadas a trav\u00e9s de redes sociales.<\/p>\n\n\n\n<p>Puedes <a href=\"https:\/\/www.lavozdegalicia.es\/noticia\/sociedad\/2021\/01\/16\/delito-difundir-chat-whatsapp-redes-sociales\/00031610754261544417518.htm\" target=\"_blank\" rel=\"noreferrer noopener\">leer el art\u00edculo completo<\/a>.<\/p>\n","protected":false},"excerpt":{"rendered":"Leandro N\u00fa\u00f1ez opina en La Voz de Galicia sobre la legalidad de hacer p\u00fablico el contenido de conversaciones privadas a trav\u00e9s de las redes sociales. <A CLASS=\"read-more\" HREF=\"https:\/\/www.audens.es\/sala-de-prensa\/la-voz-de-galicia-puedo-difundir-conversaciones-privadas-de-whatsapp\/\">[+]<\/A>","protected":false},"author":2,"featured_media":0,"comment_status":"closed","ping_status":"open","sticky":false,"template":"","format":"standard","meta":{"footnotes":""},"categories":[164],"tags":[49,7,23,82],"medio":[86],"organizador":[],"class_list":["post-1226","post","type-post","status-publish","format-standard","hentry","category-prensa-escrita","tag-intimidad","tag-leandro-nunez","tag-proteccion-de-datos","tag-redes-sociales","medio-la-voz-de-galicia"],"_links":{"self":[{"href":"https:\/\/www.audens.es\/sala-de-prensa\/wp-json\/wp\/v2\/posts\/1226","targetHints":{"allow":["GET"]}}],"collection":[{"href":"https:\/\/www.audens.es\/sala-de-prensa\/wp-json\/wp\/v2\/posts"}],"about":[{"href":"https:\/\/www.audens.es\/sala-de-prensa\/wp-json\/wp\/v2\/types\/post"}],"author":[{"embeddable":true,"href":"https:\/\/www.audens.es\/sala-de-prensa\/wp-json\/wp\/v2\/users\/2"}],"replies":[{"embeddable":true,"href":"https:\/\/www.audens.es\/sala-de-prensa\/wp-json\/wp\/v2\/comments?post=1226"}],"version-history":[{"count":2,"href":"https:\/\/www.audens.es\/sala-de-prensa\/wp-json\/wp\/v2\/posts\/1226\/revisions"}],"predecessor-version":[{"id":1238,"href":"https:\/\/www.audens.es\/sala-de-prensa\/wp-json\/wp\/v2\/posts\/1226\/revisions\/1238"}],"wp:attachment":[{"href":"https:\/\/www.audens.es\/sala-de-prensa\/wp-json\/wp\/v2\/media?parent=1226"}],"wp:term":[{"taxonomy":"category","embeddable":true,"href":"https:\/\/www.audens.es\/sala-de-prensa\/wp-json\/wp\/v2\/categories?post=1226"},{"taxonomy":"post_tag","embeddable":true,"href":"https:\/\/www.audens.es\/sala-de-prensa\/wp-json\/wp\/v2\/tags?post=1226"},{"taxonomy":"medio","embeddable":true,"href":"https:\/\/www.audens.es\/sala-de-prensa\/wp-json\/wp\/v2\/medio?post=1226"},{"taxonomy":"organizador","embeddable":true,"href":"https:\/\/www.audens.es\/sala-de-prensa\/wp-json\/wp\/v2\/organizador?post=1226"}],"curies":[{"name":"wp","href":"https:\/\/api.w.org\/{rel}","templated":true}]}}