{"id":121,"date":"2013-10-29T12:00:57","date_gmt":"2013-10-29T11:00:57","guid":{"rendered":"https:\/\/www.audens.es\/sala-de-prensa\/?p=121"},"modified":"2021-02-02T10:14:10","modified_gmt":"2021-02-02T09:14:10","slug":"la2-expertos-en-reputacion-online","status":"publish","type":"post","link":"https:\/\/www.audens.es\/sala-de-prensa\/la2-expertos-en-reputacion-online\/","title":{"rendered":"Expertos en reputaci\u00f3n online"},"content":{"rendered":"\n<div class=\"wp-block-image\"><figure class=\"aligncenter\"><a href=\"http:\/\/www.rtve.es\/alacarta\/videos\/aqui-hay-trabajo\/expertos-reputacion-on-line\/2106487\/\" target=\"_blank\" rel=\"noreferrer noopener\"><img loading=\"lazy\" decoding=\"async\" width=\"575\" height=\"323\" src=\"https:\/\/www.audens.es\/sala-de-prensa\/wp-content\/uploads\/2019\/06\/la2marcos.jpg\" alt=\"Aqu\u00ed Hay Trabajo: Expertos en reputaci\u00f3n online.\" class=\"wp-image-122\" srcset=\"https:\/\/www.audens.es\/sala-de-prensa\/wp-content\/uploads\/2019\/06\/la2marcos.jpg 575w, https:\/\/www.audens.es\/sala-de-prensa\/wp-content\/uploads\/2019\/06\/la2marcos-300x169.jpg 300w\" sizes=\"auto, (max-width: 575px) 100vw, 575px\" \/><\/a><\/figure><\/div>\n\n\n\n<p>Un equipo del programa Aqu\u00ed Hay Trabajo, de La 2, acudi\u00f3 a nuestras oficinas para grabar un reportaje acerca de la actividad de los profesionales que nos dedicamos a dar respuesta a crisis de reputaci\u00f3n online. Intervienen nuestros compa\u00f1eros <a href=\"https:\/\/www.audens.es\/marcos-judel.php\">Marcos Judel<\/a> y <a href=\"https:\/\/www.audens.es\/leandro-nunez.php\">Leandro N\u00fa\u00f1ez<\/a>.<\/p>\n\n\n\n<p>Accede al <a rel=\"noreferrer noopener\" aria-label=\"v\u00eddeo (abre en una nueva pesta\u00f1a)\" href=\"http:\/\/www.rtve.es\/alacarta\/videos\/aqui-hay-trabajo\/expertos-reputacion-on-line\/2106487\/\" target=\"_blank\">v\u00eddeo<\/a>.<\/p>\n","protected":false},"excerpt":{"rendered":"Un equipo del programa Aqu\u00ed Hay Trabajo, de La 2, acudi\u00f3 a nuestras oficinas para grabar un reportaje acerca de la actividad de los profesionales que nos dedicamos a dar respuesta a crisis de reputaci\u00f3n online. Intervienen nuestros compa\u00f1eros Marcos Judel y Leandro N\u00fa\u00f1ez. Accede al v\u00eddeo. <A CLASS=\"read-more\" HREF=\"https:\/\/www.audens.es\/sala-de-prensa\/la2-expertos-en-reputacion-online\/\">[+]<\/A>","protected":false},"author":1,"featured_media":0,"comment_status":"closed","ping_status":"open","sticky":false,"template":"","format":"standard","meta":{"footnotes":""},"categories":[162],"tags":[7,13,31],"medio":[19],"organizador":[],"class_list":["post-121","post","type-post","status-publish","format-standard","hentry","category-television","tag-leandro-nunez","tag-marcos-judel","tag-reputacion-online","medio-la2"],"_links":{"self":[{"href":"https:\/\/www.audens.es\/sala-de-prensa\/wp-json\/wp\/v2\/posts\/121","targetHints":{"allow":["GET"]}}],"collection":[{"href":"https:\/\/www.audens.es\/sala-de-prensa\/wp-json\/wp\/v2\/posts"}],"about":[{"href":"https:\/\/www.audens.es\/sala-de-prensa\/wp-json\/wp\/v2\/types\/post"}],"author":[{"embeddable":true,"href":"https:\/\/www.audens.es\/sala-de-prensa\/wp-json\/wp\/v2\/users\/1"}],"replies":[{"embeddable":true,"href":"https:\/\/www.audens.es\/sala-de-prensa\/wp-json\/wp\/v2\/comments?post=121"}],"version-history":[{"count":4,"href":"https:\/\/www.audens.es\/sala-de-prensa\/wp-json\/wp\/v2\/posts\/121\/revisions"}],"predecessor-version":[{"id":1273,"href":"https:\/\/www.audens.es\/sala-de-prensa\/wp-json\/wp\/v2\/posts\/121\/revisions\/1273"}],"wp:attachment":[{"href":"https:\/\/www.audens.es\/sala-de-prensa\/wp-json\/wp\/v2\/media?parent=121"}],"wp:term":[{"taxonomy":"category","embeddable":true,"href":"https:\/\/www.audens.es\/sala-de-prensa\/wp-json\/wp\/v2\/categories?post=121"},{"taxonomy":"post_tag","embeddable":true,"href":"https:\/\/www.audens.es\/sala-de-prensa\/wp-json\/wp\/v2\/tags?post=121"},{"taxonomy":"medio","embeddable":true,"href":"https:\/\/www.audens.es\/sala-de-prensa\/wp-json\/wp\/v2\/medio?post=121"},{"taxonomy":"organizador","embeddable":true,"href":"https:\/\/www.audens.es\/sala-de-prensa\/wp-json\/wp\/v2\/organizador?post=121"}],"curies":[{"name":"wp","href":"https:\/\/api.w.org\/{rel}","templated":true}]}}