{"id":1190,"date":"2020-12-10T14:00:00","date_gmt":"2020-12-10T13:00:00","guid":{"rendered":"https:\/\/www.audens.es\/sala-de-prensa\/?p=1190"},"modified":"2020-12-11T01:32:46","modified_gmt":"2020-12-11T00:32:46","slug":"confilegal-propuestas-para-impulsar-los-derechos-digitales","status":"publish","type":"post","link":"https:\/\/www.audens.es\/sala-de-prensa\/confilegal-propuestas-para-impulsar-los-derechos-digitales\/","title":{"rendered":"Propuestas para impulsar los derechos digitales"},"content":{"rendered":"\n<div class=\"wp-block-image\"><figure class=\"aligncenter size-full\"><img loading=\"lazy\" decoding=\"async\" width=\"575\" height=\"431\" src=\"https:\/\/www.audens.es\/sala-de-prensa\/wp-content\/uploads\/2020\/12\/marcos-judel-1.jpeg\" alt=\"\" class=\"wp-image-1194\" srcset=\"https:\/\/www.audens.es\/sala-de-prensa\/wp-content\/uploads\/2020\/12\/marcos-judel-1.jpeg 575w, https:\/\/www.audens.es\/sala-de-prensa\/wp-content\/uploads\/2020\/12\/marcos-judel-1-300x225.jpeg 300w\" sizes=\"auto, (max-width: 575px) 100vw, 575px\" \/><\/figure><\/div>\n\n\n\n<p>Con motivo del segundo aniversario de la entrada en vigor de la Ley Org\u00e1nica de Protecci\u00f3n de Datos Personales y Garant\u00eda de los Derechos Digitales (LOPDGDD), Confilegal ha publicado un art\u00edculo para el que ha contado con nuestro compa\u00f1ero <a href=\"https:\/\/www.audens.es\/marcos-judel.php\">Marcos Judel<\/a>, como presidente de la Asociaci\u00f3n Profesional Espa\u00f1ola de Privacidad (APEP). En \u00e9l hace un balance de estos dos a\u00f1os y ofrece propuestas para impulsar los derechos digitales.<\/p>\n\n\n\n<p>Puedes <a href=\"https:\/\/confilegal.com\/20201210-dos-anos-desde-la-entrada-en-vigor-de-la-lopdgdd-los-derechos-digitales-todavia-necesitan-de-un-desarrollo-reglamentario\/\" target=\"_blank\" rel=\"noreferrer noopener\">leer el art\u00edculo completo<\/a>.<\/p>\n","protected":false},"excerpt":{"rendered":"Marcos Judel, presidente de APEP, hace balance para Confilegal de la LOPDGDD, cuando se cumple el segundo aniversario de su entrada en vigor. <A CLASS=\"read-more\" HREF=\"https:\/\/www.audens.es\/sala-de-prensa\/confilegal-propuestas-para-impulsar-los-derechos-digitales\/\">[+]<\/A>","protected":false},"author":2,"featured_media":0,"comment_status":"closed","ping_status":"open","sticky":false,"template":"","format":"standard","meta":{"footnotes":""},"categories":[164],"tags":[15,56,13,23],"medio":[29],"organizador":[],"class_list":["post-1190","post","type-post","status-publish","format-standard","hentry","category-prensa-escrita","tag-apep","tag-derechos-digitales","tag-marcos-judel","tag-proteccion-de-datos","medio-confilegal"],"_links":{"self":[{"href":"https:\/\/www.audens.es\/sala-de-prensa\/wp-json\/wp\/v2\/posts\/1190","targetHints":{"allow":["GET"]}}],"collection":[{"href":"https:\/\/www.audens.es\/sala-de-prensa\/wp-json\/wp\/v2\/posts"}],"about":[{"href":"https:\/\/www.audens.es\/sala-de-prensa\/wp-json\/wp\/v2\/types\/post"}],"author":[{"embeddable":true,"href":"https:\/\/www.audens.es\/sala-de-prensa\/wp-json\/wp\/v2\/users\/2"}],"replies":[{"embeddable":true,"href":"https:\/\/www.audens.es\/sala-de-prensa\/wp-json\/wp\/v2\/comments?post=1190"}],"version-history":[{"count":3,"href":"https:\/\/www.audens.es\/sala-de-prensa\/wp-json\/wp\/v2\/posts\/1190\/revisions"}],"predecessor-version":[{"id":1196,"href":"https:\/\/www.audens.es\/sala-de-prensa\/wp-json\/wp\/v2\/posts\/1190\/revisions\/1196"}],"wp:attachment":[{"href":"https:\/\/www.audens.es\/sala-de-prensa\/wp-json\/wp\/v2\/media?parent=1190"}],"wp:term":[{"taxonomy":"category","embeddable":true,"href":"https:\/\/www.audens.es\/sala-de-prensa\/wp-json\/wp\/v2\/categories?post=1190"},{"taxonomy":"post_tag","embeddable":true,"href":"https:\/\/www.audens.es\/sala-de-prensa\/wp-json\/wp\/v2\/tags?post=1190"},{"taxonomy":"medio","embeddable":true,"href":"https:\/\/www.audens.es\/sala-de-prensa\/wp-json\/wp\/v2\/medio?post=1190"},{"taxonomy":"organizador","embeddable":true,"href":"https:\/\/www.audens.es\/sala-de-prensa\/wp-json\/wp\/v2\/organizador?post=1190"}],"curies":[{"name":"wp","href":"https:\/\/api.w.org\/{rel}","templated":true}]}}