{"id":1149,"date":"2020-11-23T19:00:00","date_gmt":"2020-11-23T18:00:00","guid":{"rendered":"https:\/\/www.audens.es\/sala-de-prensa\/?p=1149"},"modified":"2021-01-25T10:43:08","modified_gmt":"2021-01-25T09:43:08","slug":"el-pais-es-legal-difundir-conversaciones-de-whatsapp","status":"publish","type":"post","link":"https:\/\/www.audens.es\/sala-de-prensa\/el-pais-es-legal-difundir-conversaciones-de-whatsapp\/","title":{"rendered":"\u00bfEs legal difundir conversaciones de WhatsApp?"},"content":{"rendered":"\n<div class=\"wp-block-image\"><figure class=\"aligncenter size-full\"><img loading=\"lazy\" decoding=\"async\" width=\"575\" height=\"429\" src=\"https:\/\/www.audens.es\/sala-de-prensa\/wp-content\/uploads\/2021\/01\/whatsapp.jpg\" alt=\"\" class=\"wp-image-1239\" srcset=\"https:\/\/www.audens.es\/sala-de-prensa\/wp-content\/uploads\/2021\/01\/whatsapp.jpg 575w, https:\/\/www.audens.es\/sala-de-prensa\/wp-content\/uploads\/2021\/01\/whatsapp-300x224.jpg 300w\" sizes=\"auto, (max-width: 575px) 100vw, 575px\" \/><\/figure><\/div>\n\n\n\n<p>Con motivo de la pol\u00e9mica noticia relacionada con una estudiante de enfermer\u00eda que, tras dar positivo en coronavirus, hizo p\u00fablicas las conversaciones con sus compa\u00f1eras de piso, El Pa\u00eds ha publicado un art\u00edculo para el que ha contado con la opini\u00f3n de nuestro compa\u00f1ero <a href=\"https:\/\/www.audens.es\/leandro-nunez.php\">Leandro N\u00fa\u00f1ez<\/a>. En \u00e9l aclara algunos aspectos acerca de la legalidad de la difusi\u00f3n a trav\u00e9s de Internet de conversaciones por WhatsApp.<\/p>\n\n\n\n<p>Foto: <a rel=\"noreferrer noopener\" href=\"https:\/\/unsplash.com\/@mbaumi?utm_source=unsplash&amp;utm_medium=referral&amp;utm_content=creditCopyText\" target=\"_blank\">Mika Baumeister<\/a> (v\u00eda Unsplash)<br>Puedes <a href=\"https:\/\/elpais.com\/economia\/2020\/11\/23\/mis_derechos\/1606139282_881345.html\" target=\"_blank\" rel=\"noreferrer noopener\">leer el art\u00edculo completo<\/a>.<\/p>\n","protected":false},"excerpt":{"rendered":"Leandro N\u00fa\u00f1ez analiza para El Pa\u00eds la legalidad de la difusi\u00f3n p\u00fablica en redes sociales de conversaciones privadas de WhatsApp. <A CLASS=\"read-more\" HREF=\"https:\/\/www.audens.es\/sala-de-prensa\/el-pais-es-legal-difundir-conversaciones-de-whatsapp\/\">[+]<\/A>","protected":false},"author":2,"featured_media":0,"comment_status":"closed","ping_status":"open","sticky":false,"template":"","format":"standard","meta":{"footnotes":""},"categories":[164],"tags":[49,7,23,82],"medio":[54],"organizador":[],"class_list":["post-1149","post","type-post","status-publish","format-standard","hentry","category-prensa-escrita","tag-intimidad","tag-leandro-nunez","tag-proteccion-de-datos","tag-redes-sociales","medio-el-pais"],"_links":{"self":[{"href":"https:\/\/www.audens.es\/sala-de-prensa\/wp-json\/wp\/v2\/posts\/1149","targetHints":{"allow":["GET"]}}],"collection":[{"href":"https:\/\/www.audens.es\/sala-de-prensa\/wp-json\/wp\/v2\/posts"}],"about":[{"href":"https:\/\/www.audens.es\/sala-de-prensa\/wp-json\/wp\/v2\/types\/post"}],"author":[{"embeddable":true,"href":"https:\/\/www.audens.es\/sala-de-prensa\/wp-json\/wp\/v2\/users\/2"}],"replies":[{"embeddable":true,"href":"https:\/\/www.audens.es\/sala-de-prensa\/wp-json\/wp\/v2\/comments?post=1149"}],"version-history":[{"count":4,"href":"https:\/\/www.audens.es\/sala-de-prensa\/wp-json\/wp\/v2\/posts\/1149\/revisions"}],"predecessor-version":[{"id":1240,"href":"https:\/\/www.audens.es\/sala-de-prensa\/wp-json\/wp\/v2\/posts\/1149\/revisions\/1240"}],"wp:attachment":[{"href":"https:\/\/www.audens.es\/sala-de-prensa\/wp-json\/wp\/v2\/media?parent=1149"}],"wp:term":[{"taxonomy":"category","embeddable":true,"href":"https:\/\/www.audens.es\/sala-de-prensa\/wp-json\/wp\/v2\/categories?post=1149"},{"taxonomy":"post_tag","embeddable":true,"href":"https:\/\/www.audens.es\/sala-de-prensa\/wp-json\/wp\/v2\/tags?post=1149"},{"taxonomy":"medio","embeddable":true,"href":"https:\/\/www.audens.es\/sala-de-prensa\/wp-json\/wp\/v2\/medio?post=1149"},{"taxonomy":"organizador","embeddable":true,"href":"https:\/\/www.audens.es\/sala-de-prensa\/wp-json\/wp\/v2\/organizador?post=1149"}],"curies":[{"name":"wp","href":"https:\/\/api.w.org\/{rel}","templated":true}]}}