{"id":1141,"date":"2020-11-19T08:30:00","date_gmt":"2020-11-19T07:30:00","guid":{"rendered":"https:\/\/www.audens.es\/sala-de-prensa\/?p=1141"},"modified":"2021-11-22T17:24:26","modified_gmt":"2021-11-22T16:24:26","slug":"los-socios-de-proteccion-de-datos-de-audens-reconocidos-por-best-lawyers","status":"publish","type":"post","link":"https:\/\/www.audens.es\/sala-de-prensa\/los-socios-de-proteccion-de-datos-de-audens-reconocidos-por-best-lawyers\/","title":{"rendered":"Los socios de protecci\u00f3n de datos de Audens, reconocidos por Best Lawyers"},"content":{"rendered":"\n<p><strong>Marcos Judel y Leandro N\u00fa\u00f1ez se incorporan a uno de los rankings de abogados m\u00e1s respetados a nivel internacional.<\/strong><\/p>\n\n\n\n<p>El directorio jur\u00eddico Best Lawyers\u2122 ha publicado, en el d\u00eda de hoy, su listado de abogados destacados en el mercado espa\u00f1ol para 2021. Los dos socios responsables del \u00e1rea de protecci\u00f3n de datos de Audens, <a href=\"https:\/\/www.audens.es\/marcos-judel.php\">Marcos Judel<\/a> y <a href=\"https:\/\/www.audens.es\/leandro-nunez.php\">Leandro N\u00fa\u00f1ez<\/a>, han sido incluidos en esta nueva edici\u00f3n del reputado ranking anual, en el \u00e1rea de Privacy &amp; Data Protection Law.<\/p>\n\n\n\n<p>Best Lawyers\u2122 es una publicaci\u00f3n estadounidense que cuenta con casi cuarenta a\u00f1os de experiencia en la elaboraci\u00f3n de rankings de abogados. Su funcionamiento se basa en el reconocimiento entre iguales: se accede a trav\u00e9s del voto de otros letrados, emitido en base a las aptitudes de cada nominado en su \u00e1rea de pr\u00e1ctica. No es posible pagar ning\u00fan tipo de cuota para formar parte de esta publicaci\u00f3n.<\/p>\n\n\n\n<p>La presencia de Judel y N\u00fa\u00f1ez en este directorio supone un reconocimiento a los m\u00e1s de diez a\u00f1os de dedicaci\u00f3n de Audens al derecho tecnol\u00f3gico, y un est\u00edmulo para continuar prestando un servicio innovador y altamente especializado no solo en el \u00e1mbito de la <a href=\"https:\/\/www.audens.es\/abogados\/proteccion-de-datos.php\">protecci\u00f3n de datos<\/a>, sino en todas las <a href=\"https:\/\/www.audens.es\/areas-de-practica.php\">\u00e1reas de pr\u00e1ctica<\/a> de la firma.<\/p>\n\n\n\n<p>Puedes <a href=\"https:\/\/www.bestlawyers.com\/current-edition\/spain\">consultar el ranking completo<\/a>.<\/p>\n","protected":false},"excerpt":{"rendered":"Marcos Judel y Leandro N\u00fa\u00f1ez se incorporan a uno de los rankings de abogados m\u00e1s respetados a nivel internacional, en su edici\u00f3n de 2021. <A CLASS=\"read-more\" HREF=\"https:\/\/www.audens.es\/sala-de-prensa\/los-socios-de-proteccion-de-datos-de-audens-reconocidos-por-best-lawyers\/\">[+]<\/A>","protected":false},"author":1,"featured_media":1142,"comment_status":"closed","ping_status":"open","sticky":false,"template":"","format":"standard","meta":{"footnotes":""},"categories":[3],"tags":[170,7,13,23,196],"medio":[],"organizador":[],"class_list":["post-1141","post","type-post","status-publish","format-standard","has-post-thumbnail","hentry","category-notas-de-prensa","tag-best-lawyers","tag-leandro-nunez","tag-marcos-judel","tag-proteccion-de-datos","tag-reconocimientos"],"_links":{"self":[{"href":"https:\/\/www.audens.es\/sala-de-prensa\/wp-json\/wp\/v2\/posts\/1141","targetHints":{"allow":["GET"]}}],"collection":[{"href":"https:\/\/www.audens.es\/sala-de-prensa\/wp-json\/wp\/v2\/posts"}],"about":[{"href":"https:\/\/www.audens.es\/sala-de-prensa\/wp-json\/wp\/v2\/types\/post"}],"author":[{"embeddable":true,"href":"https:\/\/www.audens.es\/sala-de-prensa\/wp-json\/wp\/v2\/users\/1"}],"replies":[{"embeddable":true,"href":"https:\/\/www.audens.es\/sala-de-prensa\/wp-json\/wp\/v2\/comments?post=1141"}],"version-history":[{"count":6,"href":"https:\/\/www.audens.es\/sala-de-prensa\/wp-json\/wp\/v2\/posts\/1141\/revisions"}],"predecessor-version":[{"id":1148,"href":"https:\/\/www.audens.es\/sala-de-prensa\/wp-json\/wp\/v2\/posts\/1141\/revisions\/1148"}],"wp:featuredmedia":[{"embeddable":true,"href":"https:\/\/www.audens.es\/sala-de-prensa\/wp-json\/wp\/v2\/media\/1142"}],"wp:attachment":[{"href":"https:\/\/www.audens.es\/sala-de-prensa\/wp-json\/wp\/v2\/media?parent=1141"}],"wp:term":[{"taxonomy":"category","embeddable":true,"href":"https:\/\/www.audens.es\/sala-de-prensa\/wp-json\/wp\/v2\/categories?post=1141"},{"taxonomy":"post_tag","embeddable":true,"href":"https:\/\/www.audens.es\/sala-de-prensa\/wp-json\/wp\/v2\/tags?post=1141"},{"taxonomy":"medio","embeddable":true,"href":"https:\/\/www.audens.es\/sala-de-prensa\/wp-json\/wp\/v2\/medio?post=1141"},{"taxonomy":"organizador","embeddable":true,"href":"https:\/\/www.audens.es\/sala-de-prensa\/wp-json\/wp\/v2\/organizador?post=1141"}],"curies":[{"name":"wp","href":"https:\/\/api.w.org\/{rel}","templated":true}]}}