{"id":1123,"date":"2018-05-22T21:00:20","date_gmt":"2018-05-22T19:00:20","guid":{"rendered":"https:\/\/www.audens.es\/sala-de-prensa\/?p=1123"},"modified":"2020-10-31T01:28:32","modified_gmt":"2020-10-31T00:28:32","slug":"canal-extremadura-que-cambios-conlleva-el-nuevo-rgpd","status":"publish","type":"post","link":"https:\/\/www.audens.es\/sala-de-prensa\/canal-extremadura-que-cambios-conlleva-el-nuevo-rgpd\/","title":{"rendered":"\u00bfQu\u00e9 cambios conlleva el nuevo RGPD?"},"content":{"rendered":"\n<div class=\"wp-block-image\"><figure class=\"aligncenter size-full\"><img loading=\"lazy\" decoding=\"async\" width=\"525\" height=\"295\" src=\"https:\/\/www.audens.es\/sala-de-prensa\/wp-content\/uploads\/2020\/10\/big-data.jpg\" alt=\"\" class=\"wp-image-1124\" srcset=\"https:\/\/www.audens.es\/sala-de-prensa\/wp-content\/uploads\/2020\/10\/big-data.jpg 525w, https:\/\/www.audens.es\/sala-de-prensa\/wp-content\/uploads\/2020\/10\/big-data-300x169.jpg 300w\" sizes=\"auto, (max-width: 525px) 100vw, 525px\" \/><\/figure><\/div>\n\n\n\n<p>Nuestro compa\u00f1ero <a href=\"https:\/\/www.audens.es\/marcos-judel.php\">Marcos Judel<\/a>, como vicepresidente de APEP, ha intervenido en el programa \u00abEl Sol sale por el Oeste\u00bb de Canal Extremadura para analizar las principales novedades que conllevar\u00e1, desde el pr\u00f3ximo d\u00eda 25, la aplicaci\u00f3n del Reglamento General de Protecci\u00f3n de Datos.<\/p>\n\n\n\n<p>Foto: <a href=\"https:\/\/unsplash.com\/photos\/gpjvRZyavZc\">EV<\/a> (v\u00eda Unsplash)<br>Puedes <a href=\"http:\/\/www.canalextremadura.es\/radio\/programas\/el-sol-sale-por-el-oeste\">acceder al audio<\/a> para escucharlo completo.<\/p>\n","protected":false},"excerpt":{"rendered":"Marcos Judel ha intervenido en el programa \u00abEl Sol sale por el Oeste\u00bb de Canal Extremadura para analizar las principales novedades que conllevar\u00e1 la aplicaci\u00f3n del Reglamento General de Protecci\u00f3n de Datos. <A CLASS=\"read-more\" HREF=\"https:\/\/www.audens.es\/sala-de-prensa\/canal-extremadura-que-cambios-conlleva-el-nuevo-rgpd\/\">[+]<\/A>","protected":false},"author":1,"featured_media":0,"comment_status":"closed","ping_status":"open","sticky":false,"template":"","format":"standard","meta":{"footnotes":""},"categories":[163],"tags":[167,13,23],"medio":[],"organizador":[],"class_list":["post-1123","post","type-post","status-publish","format-standard","hentry","category-radio","tag-canal-extremadura","tag-marcos-judel","tag-proteccion-de-datos"],"_links":{"self":[{"href":"https:\/\/www.audens.es\/sala-de-prensa\/wp-json\/wp\/v2\/posts\/1123","targetHints":{"allow":["GET"]}}],"collection":[{"href":"https:\/\/www.audens.es\/sala-de-prensa\/wp-json\/wp\/v2\/posts"}],"about":[{"href":"https:\/\/www.audens.es\/sala-de-prensa\/wp-json\/wp\/v2\/types\/post"}],"author":[{"embeddable":true,"href":"https:\/\/www.audens.es\/sala-de-prensa\/wp-json\/wp\/v2\/users\/1"}],"replies":[{"embeddable":true,"href":"https:\/\/www.audens.es\/sala-de-prensa\/wp-json\/wp\/v2\/comments?post=1123"}],"version-history":[{"count":1,"href":"https:\/\/www.audens.es\/sala-de-prensa\/wp-json\/wp\/v2\/posts\/1123\/revisions"}],"predecessor-version":[{"id":1125,"href":"https:\/\/www.audens.es\/sala-de-prensa\/wp-json\/wp\/v2\/posts\/1123\/revisions\/1125"}],"wp:attachment":[{"href":"https:\/\/www.audens.es\/sala-de-prensa\/wp-json\/wp\/v2\/media?parent=1123"}],"wp:term":[{"taxonomy":"category","embeddable":true,"href":"https:\/\/www.audens.es\/sala-de-prensa\/wp-json\/wp\/v2\/categories?post=1123"},{"taxonomy":"post_tag","embeddable":true,"href":"https:\/\/www.audens.es\/sala-de-prensa\/wp-json\/wp\/v2\/tags?post=1123"},{"taxonomy":"medio","embeddable":true,"href":"https:\/\/www.audens.es\/sala-de-prensa\/wp-json\/wp\/v2\/medio?post=1123"},{"taxonomy":"organizador","embeddable":true,"href":"https:\/\/www.audens.es\/sala-de-prensa\/wp-json\/wp\/v2\/organizador?post=1123"}],"curies":[{"name":"wp","href":"https:\/\/api.w.org\/{rel}","templated":true}]}}