{"id":1120,"date":"2018-09-12T18:00:00","date_gmt":"2018-09-12T16:00:00","guid":{"rendered":"https:\/\/www.audens.es\/sala-de-prensa\/?p=1120"},"modified":"2020-10-31T01:15:14","modified_gmt":"2020-10-31T00:15:14","slug":"capital-radio-es-tan-terrible-la-futura-directiva-sobre-derechos-de-autor","status":"publish","type":"post","link":"https:\/\/www.audens.es\/sala-de-prensa\/capital-radio-es-tan-terrible-la-futura-directiva-sobre-derechos-de-autor\/","title":{"rendered":"\u00bfEs tan terrible la futura directiva sobre derechos de autor?"},"content":{"rendered":"\n<div class=\"wp-block-image\"><figure class=\"aligncenter size-full\"><img loading=\"lazy\" decoding=\"async\" width=\"525\" height=\"295\" src=\"https:\/\/www.audens.es\/sala-de-prensa\/wp-content\/uploads\/2020\/10\/parlamento.jpg\" alt=\"\" class=\"wp-image-1121\" srcset=\"https:\/\/www.audens.es\/sala-de-prensa\/wp-content\/uploads\/2020\/10\/parlamento.jpg 525w, https:\/\/www.audens.es\/sala-de-prensa\/wp-content\/uploads\/2020\/10\/parlamento-300x169.jpg 300w\" sizes=\"auto, (max-width: 525px) 100vw, 525px\" \/><\/figure><\/div>\n\n\n\n<p>La Uni\u00f3n Europea est\u00e1 elaborando una nueva Directiva que pretende actualizar la protecci\u00f3n de los derechos de propiedad intelectual en Internet, que es vista como una amenaza por muchos usuarios. El programa \u00abUno de los Nuestros\u00bb, de Capital Radio, ha entrevistado a nuestro socio <a href=\"https:\/\/www.audens.es\/leandro-nunez.php\">Leandro N\u00fa\u00f1ez<\/a> para analizar los borradores de la norma y sus repercusiones para los usuarios de Internet.<\/p>\n\n\n\n<p>Foto: <a rel=\"noreferrer noopener\" href=\"https:\/\/unsplash.com\/photos\/wVqC9dty3VQ\" target=\"_blank\">Guillaume P\u00e9rigois<\/a> (v\u00eda Unsplash)<br>Puedes <a href=\"http:\/\/capitalradio.es\/programas\/uno-de-los-nuestros\/\" target=\"_blank\" rel=\"noreferrer noopener\">acceder al audio<\/a> para escucharlo completo.<\/p>\n","protected":false},"excerpt":{"rendered":"El programa \u00abUno de los Nuestros\u00bb, de Capital Radio, ha entrevistado a nuestro socio Leandro N\u00fa\u00f1ez para analizar el alcance y repercusiones de la futura Directiva europea de propiedad intelectual. <A CLASS=\"read-more\" HREF=\"https:\/\/www.audens.es\/sala-de-prensa\/capital-radio-es-tan-terrible-la-futura-directiva-sobre-derechos-de-autor\/\">[+]<\/A>","protected":false},"author":1,"featured_media":0,"comment_status":"closed","ping_status":"open","sticky":false,"template":"","format":"standard","meta":{"footnotes":""},"categories":[163],"tags":[7,23],"medio":[166],"organizador":[],"class_list":["post-1120","post","type-post","status-publish","format-standard","hentry","category-radio","tag-leandro-nunez","tag-proteccion-de-datos","medio-capital-radio"],"_links":{"self":[{"href":"https:\/\/www.audens.es\/sala-de-prensa\/wp-json\/wp\/v2\/posts\/1120","targetHints":{"allow":["GET"]}}],"collection":[{"href":"https:\/\/www.audens.es\/sala-de-prensa\/wp-json\/wp\/v2\/posts"}],"about":[{"href":"https:\/\/www.audens.es\/sala-de-prensa\/wp-json\/wp\/v2\/types\/post"}],"author":[{"embeddable":true,"href":"https:\/\/www.audens.es\/sala-de-prensa\/wp-json\/wp\/v2\/users\/1"}],"replies":[{"embeddable":true,"href":"https:\/\/www.audens.es\/sala-de-prensa\/wp-json\/wp\/v2\/comments?post=1120"}],"version-history":[{"count":1,"href":"https:\/\/www.audens.es\/sala-de-prensa\/wp-json\/wp\/v2\/posts\/1120\/revisions"}],"predecessor-version":[{"id":1122,"href":"https:\/\/www.audens.es\/sala-de-prensa\/wp-json\/wp\/v2\/posts\/1120\/revisions\/1122"}],"wp:attachment":[{"href":"https:\/\/www.audens.es\/sala-de-prensa\/wp-json\/wp\/v2\/media?parent=1120"}],"wp:term":[{"taxonomy":"category","embeddable":true,"href":"https:\/\/www.audens.es\/sala-de-prensa\/wp-json\/wp\/v2\/categories?post=1120"},{"taxonomy":"post_tag","embeddable":true,"href":"https:\/\/www.audens.es\/sala-de-prensa\/wp-json\/wp\/v2\/tags?post=1120"},{"taxonomy":"medio","embeddable":true,"href":"https:\/\/www.audens.es\/sala-de-prensa\/wp-json\/wp\/v2\/medio?post=1120"},{"taxonomy":"organizador","embeddable":true,"href":"https:\/\/www.audens.es\/sala-de-prensa\/wp-json\/wp\/v2\/organizador?post=1120"}],"curies":[{"name":"wp","href":"https:\/\/api.w.org\/{rel}","templated":true}]}}