{"id":1117,"date":"2018-12-04T17:00:00","date_gmt":"2018-12-04T16:00:00","guid":{"rendered":"https:\/\/www.audens.es\/sala-de-prensa\/?p=1117"},"modified":"2026-01-25T20:55:50","modified_gmt":"2026-01-25T19:55:50","slug":"intereconomia-es-positiva-la-nueva-ley-organica-de-proteccion-de-datos","status":"publish","type":"post","link":"https:\/\/www.audens.es\/sala-de-prensa\/intereconomia-es-positiva-la-nueva-ley-organica-de-proteccion-de-datos\/","title":{"rendered":"\u00bfEs positiva la nueva Ley Org\u00e1nica de Protecci\u00f3n de Datos?"},"content":{"rendered":"\n<figure class=\"wp-block-gallery aligncenter has-nested-images columns-default is-cropped wp-block-gallery-1 is-layout-flex wp-block-gallery-is-layout-flex\"><div class=\"wp-block-image\">\n<figure class=\"aligncenter size-full\"><img loading=\"lazy\" decoding=\"async\" width=\"500\" height=\"281\" data-id=\"1118\" src=\"https:\/\/www.audens.es\/sala-de-prensa\/wp-content\/uploads\/2020\/10\/congreso.jpg\" alt=\"\" class=\"wp-image-1118\" srcset=\"https:\/\/www.audens.es\/sala-de-prensa\/wp-content\/uploads\/2020\/10\/congreso.jpg 500w, https:\/\/www.audens.es\/sala-de-prensa\/wp-content\/uploads\/2020\/10\/congreso-300x169.jpg 300w\" sizes=\"auto, (max-width: 500px) 100vw, 500px\" \/><\/figure>\n<\/div><\/figure>\n\n\n\n<p>La nueva Ley Org\u00e1nica de Protecci\u00f3n de Datos (y garant\u00eda de los derechos digitales) ha sido aprobada por las Cortes Generales, y en Radio Interconom\u00eda han entrevistado a nuestro compa\u00f1ero <a href=\"https:\/\/www.audens.es\/leandro-nunez.php\">Leandro N\u00fa\u00f1ez<\/a> para analizar su alcance, las implicaciones de la protecci\u00f3n de datos para las empresas y el modo en que afectar\u00e1 a los ciudadanos.<\/p>\n\n\n\n<p>Foto: <a rel=\"noreferrer noopener\" href=\"https:\/\/unsplash.com\/photos\/iLFpK-zrA4Q\" target=\"_blank\">David Carrero<\/a> (v\u00eda Unsplash)<br>Puedes <a href=\"https:\/\/intereconomia.com\/a-media-sesion-programas-completos\/\" target=\"_blank\" rel=\"noreferrer noopener\">acceder al audio<\/a> para escucharlo completo.<\/p>\n","protected":false},"excerpt":{"rendered":"Entrevista a nuestro compa\u00f1ero Leandro N\u00fa\u00f1ez en Radio Intereconom\u00eda con motivo de la aprobaci\u00f3n de la nueva Ley Org\u00e1nica de Protecci\u00f3n de Datos y garant\u00eda de los derechos digitales. <A CLASS=\"read-more\" HREF=\"https:\/\/www.audens.es\/sala-de-prensa\/intereconomia-es-positiva-la-nueva-ley-organica-de-proteccion-de-datos\/\">[+]<\/A>","protected":false},"author":1,"featured_media":0,"comment_status":"closed","ping_status":"open","sticky":false,"template":"","format":"standard","meta":{"footnotes":""},"categories":[163],"tags":[7,23],"medio":[165],"organizador":[],"class_list":["post-1117","post","type-post","status-publish","format-standard","hentry","category-radio","tag-leandro-nunez","tag-proteccion-de-datos","medio-radio-intereconomia"],"_links":{"self":[{"href":"https:\/\/www.audens.es\/sala-de-prensa\/wp-json\/wp\/v2\/posts\/1117","targetHints":{"allow":["GET"]}}],"collection":[{"href":"https:\/\/www.audens.es\/sala-de-prensa\/wp-json\/wp\/v2\/posts"}],"about":[{"href":"https:\/\/www.audens.es\/sala-de-prensa\/wp-json\/wp\/v2\/types\/post"}],"author":[{"embeddable":true,"href":"https:\/\/www.audens.es\/sala-de-prensa\/wp-json\/wp\/v2\/users\/1"}],"replies":[{"embeddable":true,"href":"https:\/\/www.audens.es\/sala-de-prensa\/wp-json\/wp\/v2\/comments?post=1117"}],"version-history":[{"count":2,"href":"https:\/\/www.audens.es\/sala-de-prensa\/wp-json\/wp\/v2\/posts\/1117\/revisions"}],"predecessor-version":[{"id":2609,"href":"https:\/\/www.audens.es\/sala-de-prensa\/wp-json\/wp\/v2\/posts\/1117\/revisions\/2609"}],"wp:attachment":[{"href":"https:\/\/www.audens.es\/sala-de-prensa\/wp-json\/wp\/v2\/media?parent=1117"}],"wp:term":[{"taxonomy":"category","embeddable":true,"href":"https:\/\/www.audens.es\/sala-de-prensa\/wp-json\/wp\/v2\/categories?post=1117"},{"taxonomy":"post_tag","embeddable":true,"href":"https:\/\/www.audens.es\/sala-de-prensa\/wp-json\/wp\/v2\/tags?post=1117"},{"taxonomy":"medio","embeddable":true,"href":"https:\/\/www.audens.es\/sala-de-prensa\/wp-json\/wp\/v2\/medio?post=1117"},{"taxonomy":"organizador","embeddable":true,"href":"https:\/\/www.audens.es\/sala-de-prensa\/wp-json\/wp\/v2\/organizador?post=1117"}],"curies":[{"name":"wp","href":"https:\/\/api.w.org\/{rel}","templated":true}]}}