{"id":1032,"date":"2018-09-15T17:00:40","date_gmt":"2018-09-15T15:00:40","guid":{"rendered":"https:\/\/www.audens.es\/sala-de-prensa\/?p=1032"},"modified":"2020-10-31T00:34:31","modified_gmt":"2020-10-30T23:34:31","slug":"cope-la-importancia-de-alertar-a-los-menores-sobre-el-uso-de-internet","status":"publish","type":"post","link":"https:\/\/www.audens.es\/sala-de-prensa\/cope-la-importancia-de-alertar-a-los-menores-sobre-el-uso-de-internet\/","title":{"rendered":"La importancia de alertar a los menores sobre el uso de internet"},"content":{"rendered":"\n<div class=\"wp-block-image\"><figure class=\"aligncenter size-large\"><img loading=\"lazy\" decoding=\"async\" width=\"575\" height=\"355\" src=\"https:\/\/www.audens.es\/sala-de-prensa\/wp-content\/uploads\/2020\/10\/kids.jpg\" alt=\"\" class=\"wp-image-1034\" srcset=\"https:\/\/www.audens.es\/sala-de-prensa\/wp-content\/uploads\/2020\/10\/kids.jpg 575w, https:\/\/www.audens.es\/sala-de-prensa\/wp-content\/uploads\/2020\/10\/kids-300x185.jpg 300w\" sizes=\"auto, (max-width: 575px) 100vw, 575px\" \/><\/figure><\/div>\n\n\n\n<p>Con motivo de la reciente publicaci\u00f3n de una youtuber, alarmada tras encontrarse contenidos creados por menores en redes sociales en los que hac\u00edan p\u00fablicos sus datos personales, COPE ha contado con la opini\u00f3n de nuestro compa\u00f1ero <a href=\"https:\/\/www.audens.es\/leandro-nunez.php\">Leandro N\u00fa\u00f1ez<\/a>, que ha evidenciado los riesgos del acceso no supervisado a Internet por parte de los menores. <\/p>\n\n\n\n<p>Foto: <a rel=\"noreferrer noopener\" href=\"https:\/\/unsplash.com\/@kellysikkema?utm_source=unsplash&amp;utm_medium=referral&amp;utm_content=creditCopyText\" target=\"_blank\">Kelly Sikkema<\/a> (v\u00eda Unsplash)<br>Puedes <a rel=\"noreferrer noopener\" href=\"https:\/\/www.cope.es\/actualidad\/sociedad\/noticias\/escalofriante-alerta-una-youtuber-tus-hijos-pueden-estar-dando-telefono-direccion-internet-20180915_258777\" target=\"_blank\">leer el art\u00edculo completo<\/a>.<\/p>\n","protected":false},"excerpt":{"rendered":"Leandro N\u00fa\u00f1ez ha opinado para COPE sobre los riesgos a los que se exponen los menores de 14 a\u00f1os accediendo a internet sin la supervisi\u00f3n de un adulto. <A CLASS=\"read-more\" HREF=\"https:\/\/www.audens.es\/sala-de-prensa\/cope-la-importancia-de-alertar-a-los-menores-sobre-el-uso-de-internet\/\">[+]<\/A>","protected":false},"author":2,"featured_media":0,"comment_status":"closed","ping_status":"open","sticky":false,"template":"","format":"standard","meta":{"footnotes":""},"categories":[163],"tags":[7,23],"medio":[42],"organizador":[],"class_list":["post-1032","post","type-post","status-publish","format-standard","hentry","category-radio","tag-leandro-nunez","tag-proteccion-de-datos","medio-cope"],"_links":{"self":[{"href":"https:\/\/www.audens.es\/sala-de-prensa\/wp-json\/wp\/v2\/posts\/1032","targetHints":{"allow":["GET"]}}],"collection":[{"href":"https:\/\/www.audens.es\/sala-de-prensa\/wp-json\/wp\/v2\/posts"}],"about":[{"href":"https:\/\/www.audens.es\/sala-de-prensa\/wp-json\/wp\/v2\/types\/post"}],"author":[{"embeddable":true,"href":"https:\/\/www.audens.es\/sala-de-prensa\/wp-json\/wp\/v2\/users\/2"}],"replies":[{"embeddable":true,"href":"https:\/\/www.audens.es\/sala-de-prensa\/wp-json\/wp\/v2\/comments?post=1032"}],"version-history":[{"count":2,"href":"https:\/\/www.audens.es\/sala-de-prensa\/wp-json\/wp\/v2\/posts\/1032\/revisions"}],"predecessor-version":[{"id":1043,"href":"https:\/\/www.audens.es\/sala-de-prensa\/wp-json\/wp\/v2\/posts\/1032\/revisions\/1043"}],"wp:attachment":[{"href":"https:\/\/www.audens.es\/sala-de-prensa\/wp-json\/wp\/v2\/media?parent=1032"}],"wp:term":[{"taxonomy":"category","embeddable":true,"href":"https:\/\/www.audens.es\/sala-de-prensa\/wp-json\/wp\/v2\/categories?post=1032"},{"taxonomy":"post_tag","embeddable":true,"href":"https:\/\/www.audens.es\/sala-de-prensa\/wp-json\/wp\/v2\/tags?post=1032"},{"taxonomy":"medio","embeddable":true,"href":"https:\/\/www.audens.es\/sala-de-prensa\/wp-json\/wp\/v2\/medio?post=1032"},{"taxonomy":"organizador","embeddable":true,"href":"https:\/\/www.audens.es\/sala-de-prensa\/wp-json\/wp\/v2\/organizador?post=1032"}],"curies":[{"name":"wp","href":"https:\/\/api.w.org\/{rel}","templated":true}]}}