{"id":1021,"date":"2020-10-06T18:00:00","date_gmt":"2020-10-06T16:00:00","guid":{"rendered":"https:\/\/www.audens.es\/sala-de-prensa\/?p=1021"},"modified":"2020-10-31T00:24:20","modified_gmt":"2020-10-30T23:24:20","slug":"el-confidencial-digital-es-manipulable-la-prueba-digital","status":"publish","type":"post","link":"https:\/\/www.audens.es\/sala-de-prensa\/el-confidencial-digital-es-manipulable-la-prueba-digital\/","title":{"rendered":"\u00bfEs manipulable la prueba digital?"},"content":{"rendered":"\n<div class=\"wp-block-image\"><figure class=\"aligncenter size-large\"><img loading=\"lazy\" decoding=\"async\" width=\"575\" height=\"318\" src=\"https:\/\/www.audens.es\/sala-de-prensa\/wp-content\/uploads\/2020\/10\/juicio.jpg\" alt=\"\" class=\"wp-image-1022\" srcset=\"https:\/\/www.audens.es\/sala-de-prensa\/wp-content\/uploads\/2020\/10\/juicio.jpg 575w, https:\/\/www.audens.es\/sala-de-prensa\/wp-content\/uploads\/2020\/10\/juicio-300x166.jpg 300w\" sizes=\"auto, (max-width: 575px) 100vw, 575px\" \/><\/figure><\/div>\n\n\n\n<p>El Confidencial Digital ha publicado un art\u00edculo acerca de las novedades del \u00abcaso Kitchen\u00bb, donde uno de los imputados pone en duda la autenticidad de los SMS aportados como prueba, alegando que podr\u00edan haber sido ser manipulados. Han contado con la opini\u00f3n de nuestra compa\u00f1era <a href=\"https:\/\/www.audens.es\/maitane-valdecantos.php\">Maitane Valdecantos<\/a>, que evidencia las debilidades de las actas de manifestaci\u00f3n notarial cuando se usan para generar evidencias de contenidos digitales.<\/p>\n\n\n\n<p>Foto: <a rel=\"noreferrer noopener\" href=\"https:\/\/unsplash.com\/@bill_oxford?utm_source=unsplash&amp;utm_medium=referral&amp;utm_content=creditCopyText\" target=\"_blank\">Bill Oxford<\/a> (v\u00eda Unsplash)<br>Puedes <a href=\"https:\/\/www.elconfidencialdigital.com\/articulo\/Judicial\/asi-defendera-fernandez-diaz-conocimientos-ciberseguridad-francisco-martinez-mensajes\/20201005190300169865.amp.html\" target=\"_blank\" rel=\"noreferrer noopener\">leer el art\u00edculo completo<\/a>.<\/p>\n","protected":false},"excerpt":{"rendered":"Maitane Valdecantos expone en El Confidencial Digital una de las debilidades de las actas de manifestaci\u00f3n notarial a efectos de preconstituir prueba de contenidos digitales. <A CLASS=\"read-more\" HREF=\"https:\/\/www.audens.es\/sala-de-prensa\/el-confidencial-digital-es-manipulable-la-prueba-digital\/\">[+]<\/A>","protected":false},"author":2,"featured_media":0,"comment_status":"closed","ping_status":"open","sticky":false,"template":"","format":"standard","meta":{"footnotes":""},"categories":[164],"tags":[146,12],"medio":[147],"organizador":[],"class_list":["post-1021","post","type-post","status-publish","format-standard","hentry","category-prensa-escrita","tag-ciberseguridad","tag-maitane-valdecantos","medio-el-confidencial-digital"],"_links":{"self":[{"href":"https:\/\/www.audens.es\/sala-de-prensa\/wp-json\/wp\/v2\/posts\/1021","targetHints":{"allow":["GET"]}}],"collection":[{"href":"https:\/\/www.audens.es\/sala-de-prensa\/wp-json\/wp\/v2\/posts"}],"about":[{"href":"https:\/\/www.audens.es\/sala-de-prensa\/wp-json\/wp\/v2\/types\/post"}],"author":[{"embeddable":true,"href":"https:\/\/www.audens.es\/sala-de-prensa\/wp-json\/wp\/v2\/users\/2"}],"replies":[{"embeddable":true,"href":"https:\/\/www.audens.es\/sala-de-prensa\/wp-json\/wp\/v2\/comments?post=1021"}],"version-history":[{"count":4,"href":"https:\/\/www.audens.es\/sala-de-prensa\/wp-json\/wp\/v2\/posts\/1021\/revisions"}],"predecessor-version":[{"id":1030,"href":"https:\/\/www.audens.es\/sala-de-prensa\/wp-json\/wp\/v2\/posts\/1021\/revisions\/1030"}],"wp:attachment":[{"href":"https:\/\/www.audens.es\/sala-de-prensa\/wp-json\/wp\/v2\/media?parent=1021"}],"wp:term":[{"taxonomy":"category","embeddable":true,"href":"https:\/\/www.audens.es\/sala-de-prensa\/wp-json\/wp\/v2\/categories?post=1021"},{"taxonomy":"post_tag","embeddable":true,"href":"https:\/\/www.audens.es\/sala-de-prensa\/wp-json\/wp\/v2\/tags?post=1021"},{"taxonomy":"medio","embeddable":true,"href":"https:\/\/www.audens.es\/sala-de-prensa\/wp-json\/wp\/v2\/medio?post=1021"},{"taxonomy":"organizador","embeddable":true,"href":"https:\/\/www.audens.es\/sala-de-prensa\/wp-json\/wp\/v2\/organizador?post=1021"}],"curies":[{"name":"wp","href":"https:\/\/api.w.org\/{rel}","templated":true}]}}