{"id":1,"date":"2012-09-17T10:00:29","date_gmt":"2012-09-17T08:00:29","guid":{"rendered":"https:\/\/www.audens.es\/sala-de-prensa\/?p=1"},"modified":"2019-06-09T10:56:08","modified_gmt":"2019-06-09T08:56:08","slug":"audens-ficha-leandro-nunez","status":"publish","type":"post","link":"https:\/\/www.audens.es\/sala-de-prensa\/audens-ficha-leandro-nunez\/","title":{"rendered":"Audens ficha a Leandro N\u00fa\u00f1ez, para reforzar sus \u00e1reas de propiedad intelectual y protecci\u00f3n de datos"},"content":{"rendered":"\n<p><strong>Se incorpora como socio, tras su paso por la Agencia Espa\u00f1ola de Protecci\u00f3n de Datos, donde asesoraba a su director en asuntos internacionales.<\/strong><\/p>\n\n\n\n<p><strong>Durante los cuatro \u00faltimos a\u00f1os, ha representado a Espa\u00f1a ante el Consejo de Europa como experto en privacidad.<\/strong><\/p>\n\n\n\n<p> Audens, bufete especializado en derecho de las nuevas tecnolog\u00edas, anuncia la incorporaci\u00f3n como socio de <a href=\"https:\/\/www.audens.es\/leandro-nunez.php\">Jos\u00e9 Leandro N\u00fa\u00f1ez Garc\u00eda<\/a>, proveniente de la Agencia Espa\u00f1ola de Protecci\u00f3n de Datos. La firma refuerza as\u00ed sus \u00e1reas de protecci\u00f3n de datos y propiedad intelectual, incorporando a sus oficinas de Madrid a una de las figuras emergentes de la abogac\u00eda tecnol\u00f3gica.<\/p>\n\n\n\n<p> N\u00fa\u00f1ez ha manifestado su ilusi\u00f3n por incorporarse al despacho, del que <strong>ha destacado su enfoque proactivo y su vocaci\u00f3n internacional<\/strong>: \u201clas empresas tecnol\u00f3gicas compiten en un mercado globalizado y en constante cambio\u201d ha declarado, \u201cy precisan de un asesoramiento pragm\u00e1tico, que aborde su negocio como una realidad que va m\u00e1s all\u00e1 de nuestras fronteras\u201d. \u201cMe ilusiona retomar la pr\u00e1ctica de la abogac\u00eda, tras haber disfrutado de un destino tan especial en la Agencia\u201d, ha concluido.<\/p>\n\n\n\n<h3 class=\"wp-block-heading\"> Perfil profesional<\/h3>\n\n\n\n<p> Jos\u00e9 Leandro N\u00fa\u00f1ez Garc\u00eda ha sido, durante cuatro a\u00f1os,<strong> asesor en relaciones internacionales en la Agencia Espa\u00f1ola de Protecci\u00f3n de Datos<\/strong>. Ha representado a la Agencia ante foros y organizaciones internacionales como el Grupo de Trabajo del Art\u00edculo 29 de la Uni\u00f3n Europea, el Comit\u00e9 Consultivo del Convenio 108 del Consejo de Europa, o la Conferencia Internacional de Autoridades de Protecci\u00f3n de Datos. Ello le permiti\u00f3 participar activamente en la redacci\u00f3n de documentos tan relevantes como los Est\u00e1ndares Internacionales de Privacidad, o en la reforma actualmente en curso de la normativa europea en esta materia.<\/p>\n\n\n\n<p>Es licenciado en Derecho por la Universidad de La Coru\u00f1a, y Master en Derecho de las telecomunicaciones y tecnolog\u00edas de la informaci\u00f3n por la Universidad Carlos III de Madrid. N\u00fa\u00f1ez, que habla italiano y franc\u00e9s, adem\u00e1s de ingl\u00e9s, ha impartido conferencias y cursos sobre protecci\u00f3n de datos no s\u00f3lo en Espa\u00f1a, sino tambi\u00e9n en pa\u00edses como B\u00e9lgica, Francia, Israel o M\u00e9xico. Forma parte de la Asociaci\u00f3n Profesional Espa\u00f1ola de Privacidad y de la Asociaci\u00f3n Espa\u00f1ola para el Fomento de la Seguridad de la Informaci\u00f3n, y es miembro de la junta directiva de la asociaci\u00f3n de abogados expertos en derecho tecnol\u00f3gico (Enatic).<\/p>\n\n\n\n<p><a href=\"https:\/\/www.audens.es\/marcos-judel.php\">Marcos Judel<\/a>, socio fundador de Audens, se ha mostrado muy satisfecho con el fichaje:<em> \u201cno s\u00f3lo consolidamos nuestro equipo profesional con un abogado excepcional, sino que adem\u00e1s reforzamos el esp\u00edritu joven, din\u00e1mico y cercano que nos caracteriza\u201d<\/em>.<em> \u201cAdem\u00e1s\u201d<\/em>, ha puntualizado <a href=\"https:\/\/www.audens.es\/eneko-delgado.php\">Eneko Delgado<\/a>, tambi\u00e9n socio fundador de Audens,<em> \u201caporta una amplia experiencia internacional y nos permite fortalecer la vertiente institucional del despacho\u201d<\/em>.<\/p>\n\n\n\n<h3 class=\"wp-block-heading\">Sobre Audens<\/h3>\n\n\n\n<p>Audens es un despacho de abogados especializado en asesoramiento mercantil para empresas de corte tecnol\u00f3gico, en las que las comunicaciones electr\u00f3nicas, el marketing y la publicidad, y las tecnolog\u00edas de la informaci\u00f3n constituyen elementos clave en su actividad diaria. <em>\u201cEl sector tecnol\u00f3gico y el publicitario contin\u00faan innovando en un marco legislativo complejo. De ah\u00ed que resulte fundamental contar con un asesoramiento especializado, que nos encanta poder ofrecer\u201d<\/em>, concluy\u00f3 Marcos Judel.<\/p>\n","protected":false},"excerpt":{"rendered":"Se incorpora como socio, tras su paso por la Agencia Espa\u00f1ola de Protecci\u00f3n de Datos, donde asesoraba a su director en asuntos internacionales. Durante los cuatro \u00faltimos a\u00f1os, ha representado a Espa\u00f1a ante el Consejo de Europa como experto en privacidad. Audens, bufete especializado en derecho de las nuevas tecnolog\u00edas, anuncia la incorporaci\u00f3n como socio [&hellip;] <A CLASS=\"read-more\" HREF=\"https:\/\/www.audens.es\/sala-de-prensa\/audens-ficha-leandro-nunez\/\">[+]<\/A>","protected":false},"author":1,"featured_media":8,"comment_status":"closed","ping_status":"closed","sticky":false,"template":"","format":"standard","meta":{"footnotes":""},"categories":[3],"tags":[6,7,11],"medio":[],"organizador":[],"class_list":["post-1","post","type-post","status-publish","format-standard","has-post-thumbnail","hentry","category-notas-de-prensa","tag-fichajes","tag-leandro-nunez","tag-madrid"],"_links":{"self":[{"href":"https:\/\/www.audens.es\/sala-de-prensa\/wp-json\/wp\/v2\/posts\/1","targetHints":{"allow":["GET"]}}],"collection":[{"href":"https:\/\/www.audens.es\/sala-de-prensa\/wp-json\/wp\/v2\/posts"}],"about":[{"href":"https:\/\/www.audens.es\/sala-de-prensa\/wp-json\/wp\/v2\/types\/post"}],"author":[{"embeddable":true,"href":"https:\/\/www.audens.es\/sala-de-prensa\/wp-json\/wp\/v2\/users\/1"}],"replies":[{"embeddable":true,"href":"https:\/\/www.audens.es\/sala-de-prensa\/wp-json\/wp\/v2\/comments?post=1"}],"version-history":[{"count":3,"href":"https:\/\/www.audens.es\/sala-de-prensa\/wp-json\/wp\/v2\/posts\/1\/revisions"}],"predecessor-version":[{"id":19,"href":"https:\/\/www.audens.es\/sala-de-prensa\/wp-json\/wp\/v2\/posts\/1\/revisions\/19"}],"wp:featuredmedia":[{"embeddable":true,"href":"https:\/\/www.audens.es\/sala-de-prensa\/wp-json\/wp\/v2\/media\/8"}],"wp:attachment":[{"href":"https:\/\/www.audens.es\/sala-de-prensa\/wp-json\/wp\/v2\/media?parent=1"}],"wp:term":[{"taxonomy":"category","embeddable":true,"href":"https:\/\/www.audens.es\/sala-de-prensa\/wp-json\/wp\/v2\/categories?post=1"},{"taxonomy":"post_tag","embeddable":true,"href":"https:\/\/www.audens.es\/sala-de-prensa\/wp-json\/wp\/v2\/tags?post=1"},{"taxonomy":"medio","embeddable":true,"href":"https:\/\/www.audens.es\/sala-de-prensa\/wp-json\/wp\/v2\/medio?post=1"},{"taxonomy":"organizador","embeddable":true,"href":"https:\/\/www.audens.es\/sala-de-prensa\/wp-json\/wp\/v2\/organizador?post=1"}],"curies":[{"name":"wp","href":"https:\/\/api.w.org\/{rel}","templated":true}]}}