{"id":883,"date":"2012-01-03T13:30:00","date_gmt":"2012-01-03T12:30:00","guid":{"rendered":"http:\/\/www.audenslegal.es\/blog\/?p=883"},"modified":"2016-03-29T13:18:57","modified_gmt":"2016-03-29T11:18:57","slug":"un-ano-legal-a-examen","status":"publish","type":"post","link":"https:\/\/www.audens.es\/blog\/un-ano-legal-a-examen\/","title":{"rendered":"Un a\u00f1o legal, a examen"},"content":{"rendered":"<p>Cuando era peque\u00f1o, mi personaje favorito de &#8216;Los Pitufos&#8217; era <a title=\"Gargamel\" href=\"http:\/\/es.wikipedia.org\/wiki\/Gargamel\">Gargamel<\/a>. No me acordaba de \u00e9l hasta el <em>remake<\/em> de Hollywood del ya pasado a\u00f1o. Y a pesar de que digan de m\u00ed que tengo paciencia a toneladas, creo que por algo me deb\u00eda gustar ese individuo cascarrabias y gru\u00f1\u00f3n. Y por eso me reservo la primera entrada de 2012 en el blog para gru\u00f1ir, refunfu\u00f1ar y, en definitiva, ejercer uno de los derechos m\u00e1s fundamentales que tenemos, gracias a Dios: <strong>el derecho a pataleta<\/strong>.<\/p>\n<p>As\u00ed, pataleo con una valoraci\u00f3n, de las de nota de colegio, sobre algunos temas destacados del reci\u00e9n despedido 2011 en temas relacionados con la Justicia y la Administraci\u00f3n. Y ya les adelanto que no salen bien paradas&#8230;<\/p>\n<p><strong>Agilidad de la justicia<\/strong>: suspenso.<\/p>\n<p>El art\u00edculo 24 de nuestra Constituci\u00f3n se queda, como tantos otros, en agua de borrajas cuando afirma que todos tenemos derecho a un proceso \u00absin dilaciones indebidas\u00bb. Las sucesivas modificaciones que ha sufrido la LEC en los \u00faltimos a\u00f1os no han surtido efecto en este campo.<\/p>\n<p>Que la vista de un juicio verbal se fije, \u00aben atenci\u00f3n a los muchos asuntos en tr\u00e1mite\u00bb, para nueve o diez meses m\u00e1s tarde&#8230; es descorazonador. \u00a1Y qu\u00e9 decir de los ordinarios! Por m\u00e1s que me lo pregunto, no consigo entender c\u00f3mo es posible que una demanda presentada el 1 de junio, por un incumplimiento contractual relacionado con derechos de autor, est\u00e9 todav\u00eda pendiente de admisi\u00f3n a tr\u00e1mite a d\u00eda 3 de enero&#8230; Desesperante.<\/p>\n<p>Y ello sin olvidarnos de las proverbiales p\u00e9rdidas de tiempo producidas por los errores administrativos de los juzgados: comunicaci\u00f3n de providencias, autos y diligencias a una parte y a la otra no; citaciones equivocadas; escritos extraviados y cosas por el estilo. Lo dicho, suspenso.<\/p>\n<p><strong>Gesti\u00f3n del turno de oficio<\/strong>: suspenso.<\/p>\n<p>El acceso a la asistencia jur\u00eddica gratuita, tambi\u00e9n constitucionalmente reconocido, es un principio extremadamente importante en todo Estado de Derecho. Si bien tiene un componente, en gran medida, de tipo social, son ya clamor las voces que exigen una mejor gesti\u00f3n del Sistema (ante <a title=\"Un hombre ha solicitado un abogado de oficio 57 veces en cuatro a\u00f1os\" href=\"http:\/\/www.diaridetarragona.com\/tarragona\/063453\/hombre\/solicitado\/abogado\/oficio\/57\/veces\/cuatro\/anos\">noticias como esta<\/a>, por ejemplo) y, sobre todo, el pago de las contraprestaciones econ\u00f3micas correspondientes a los profesionales del derecho. Actualmente son varias las comunidades aut\u00f3nomas donde los abogados del turno de oficio acumulan meses de retraso en sus pagos. M\u00e1s suspenso.<\/p>\n<p><strong>Administraci\u00f3n electr\u00f3nica<\/strong>: suspenso<\/p>\n<p>De este tema ya hab\u00eda escrito <a href=https:\/\/www.audens.es\/blog\/contraproducente-e-administracion\/\">quej\u00e1ndome hace algo m\u00e1s de un a\u00f1o<\/a>. Y debo insistir, porque aparte de contar con cada vez m\u00e1s sedes electr\u00f3nicas de la Administraci\u00f3n a nuestro servicio, todo sigue igual. Los distintos organismos p\u00fablicos siguen teniendo sistemas dispares entre s\u00ed y criterios de procedimiento absolutamente diferentes. Y ello sin mencionar las incompatibilidades con navegadores, sistemas operativos o incluso con distintas versiones de los mismos programas. Lo siento, pero no me entra en la cabeza que una sede electr\u00f3nica requiera de un PDF creado, como m\u00e1ximo, con la versi\u00f3n 7.4 del Adobe Acrobat, y otra exija como m\u00ednimo la versi\u00f3n 9.2 del mismo programa&#8230; \u00a1absolutamente incomprensible!<\/p>\n<p>La \u00fanica eAdministraci\u00f3n que sigue funcionando como un reloj suizo es la Agencia Tributaria. \u00a1Y raro ser\u00eda que \u00e9sa funcionara mal!<\/p>\n<p>Ya puestos, tambi\u00e9n me permito suspender propuestas legislativas como la Ley de Econom\u00eda Sostenible (un aut\u00e9ntico pastiche de dif\u00edcil digesti\u00f3n, \u00abLey Sinde\u00bb incluida) o la \u00abLey Paj\u00edn\u00bb (que ya <a href=https:\/\/www.audens.es\/blog\/tiron-de-orejas-a-la-ley-pajin-mordaza\/\">comentamos en su d\u00eda<\/a> y que, afortunadamente, no aprobaron las Cortes). Y no me olvido de &#8216;catear&#8217; al Consejo General del Poder Judicial, por\u00a0el\u00a0<a title=\"Reglamento 3\/2010, del Consejo General del Poder Judicial\" href=\"http:\/\/www.boe.es\/diario_boe\/txt.php?id=BOE-A-2010-17860\">Reglamento 3\/2010<\/a>, sobre\u00a0reutilizaci\u00f3n de sentencias y otras resoluciones judiciales (<a title=\"Fuentes del Derecho y derecho a las fuentes\" href=https:\/\/www.audens.es\/blog\/reglamento-cgpj-reutilizacion-sentencias\/\">del que tambi\u00e9n hablamos aqu\u00ed<\/a>, y que ha sido <a title=\"Se revoca el Reglamento 3\/2010, sobre reutilizaci\u00f3n de sentencias y otras resoluciones judiciales\" href=\"http:\/\/www.otrosi.net\/article\/se-revoca-el-reglamento-32010-sobre-reutilizaci%C3%B3n-de-sentencias-y-otras-resoluciones-judicia\">declarado nulo de pleno derecho<\/a> por el Tribunal Supremo hace s\u00f3lo unas semanas).<\/p>\n<p>Seguro que se les ocurrir\u00e1n m\u00e1s cosas sobre las que patalear. Pero <strong>no s\u00f3lo es necesario protestar para que las cosas funcionen, sino aportar<\/strong>. As\u00ed que para este a\u00f1o 2012 que entra, pongamos todos nuestro granito de arena para mejorar en lo que podamos, y especialmente, la Administraci\u00f3n de Justicia, vital para nuestra sociedad.<\/p>\n<p>Entretanto, les deseo a todos ustedes un muy feliz a\u00f1o nuevo.<\/p>\n","protected":false},"excerpt":{"rendered":"Repaso a las miserias de nuestro sistema judicial y de la administraci\u00f3n electr\u00f3nica en el a\u00f1o 2011. <A CLASS=\"read-more\" HREF=\"https:\/\/www.audens.es\/blog\/un-ano-legal-a-examen\/\">[+]<\/A>","protected":false},"author":2,"featured_media":887,"comment_status":"open","ping_status":"open","sticky":false,"template":"","format":"standard","meta":{"footnotes":""},"categories":[8],"tags":[85,77,59],"class_list":["post-883","post","type-post","status-publish","format-standard","has-post-thumbnail","hentry","category-audens","tag-administracion-electronica","tag-juzgados-y-tribunales","tag-ley-sinde"],"_links":{"self":[{"href":"https:\/\/www.audens.es\/blog\/wp-json\/wp\/v2\/posts\/883","targetHints":{"allow":["GET"]}}],"collection":[{"href":"https:\/\/www.audens.es\/blog\/wp-json\/wp\/v2\/posts"}],"about":[{"href":"https:\/\/www.audens.es\/blog\/wp-json\/wp\/v2\/types\/post"}],"author":[{"embeddable":true,"href":"https:\/\/www.audens.es\/blog\/wp-json\/wp\/v2\/users\/2"}],"replies":[{"embeddable":true,"href":"https:\/\/www.audens.es\/blog\/wp-json\/wp\/v2\/comments?post=883"}],"version-history":[{"count":0,"href":"https:\/\/www.audens.es\/blog\/wp-json\/wp\/v2\/posts\/883\/revisions"}],"wp:featuredmedia":[{"embeddable":true,"href":"https:\/\/www.audens.es\/blog\/wp-json\/wp\/v2\/media\/887"}],"wp:attachment":[{"href":"https:\/\/www.audens.es\/blog\/wp-json\/wp\/v2\/media?parent=883"}],"wp:term":[{"taxonomy":"category","embeddable":true,"href":"https:\/\/www.audens.es\/blog\/wp-json\/wp\/v2\/categories?post=883"},{"taxonomy":"post_tag","embeddable":true,"href":"https:\/\/www.audens.es\/blog\/wp-json\/wp\/v2\/tags?post=883"}],"curies":[{"name":"wp","href":"https:\/\/api.w.org\/{rel}","templated":true}]}}