{"id":83,"date":"2010-10-22T13:45:12","date_gmt":"2010-10-22T11:45:12","guid":{"rendered":"http:\/\/www.audenslegal.es\/blog\/?p=83"},"modified":"2024-08-22T21:43:46","modified_gmt":"2024-08-22T19:43:46","slug":"cuando-la-aepd-se-explica-proteccion-de-datos","status":"publish","type":"post","link":"https:\/\/www.audens.es\/blog\/cuando-la-aepd-se-explica-proteccion-de-datos\/","title":{"rendered":"Cuando la AEPD se explica"},"content":{"rendered":"\n<p>El mi\u00e9rcoles 20 pude asistir a la Tercera Sesi\u00f3n Anual Abierta de la <a href=\"http:\/\/www.agpd.es\">Agencia Espa\u00f1ola de Protecci\u00f3n de Datos<\/a>. No me he perdido ninguna de las dos ediciones anteriores, y fiel a la tradici\u00f3n, no quer\u00eda dejar pasar la oportunidad de reencontrarme y charlar con colegas de profesi\u00f3n, y de presenciar un a\u00f1o m\u00e1s las exposiciones del regulador de la privacidad.<\/p>\n\n\n\n<p>Siempre es de agradecer la organizaci\u00f3n de una <strong>jornada espec\u00edfica para acercar temas jur\u00eddicos al p\u00fablico en general<\/strong>, m\u00e1xime cuando se hace con una clara vocaci\u00f3n de servicio p\u00fablico, y se abordan cuestiones de indudable inter\u00e9s para quienes han de aplicar la Ley. En el caso de la AEPD el agradecimiento debe ser doble, pues al esfuerzo organizador se une su car\u00e1cter grauito y su periodicidad anual.<\/p>\n\n\n\n<p>Si bien el tema principal giraba en torno a la protecci\u00f3n de datos en la Administraci\u00f3n Electr\u00f3nica, esta vez yo ten\u00eda un inter\u00e9s especial en conocer la opini\u00f3n de la AEPD sobre <a href=\"http:\/\/derechoenred.com\/blog\/proteccion-de-datos\/sentencias-del-ts-sobre-el-reglamento-de-proteccion-de-datos\">las \u00faltimas Sentencias del Tribunal Supremo<\/a>, que declar\u00f3 nulos cuatro art\u00edculos del <a title=\"RD 1720\/2007\" href=\"http:\/\/www.boe.es\/aeboe\/consultas\/bases_datos\/doc.php?id=BOE-A-2008-979\">Reglamento de desarrollo de la Ley Org\u00e1nica de Protecci\u00f3n de Datos<\/a> y ratific\u00f3 unos cuantos m\u00e1s. Como es l\u00f3gico, mi inter\u00e9s se centraba en los comentarios a los art\u00edculos anulados&#8230; pero <strong>la AEPD sac\u00f3 la muleta y centr\u00f3 su discurso en los ratificados<\/strong>.<\/p>\n\n\n\n<p>En cualquier caso, la parte m\u00e1s interesante fue, un a\u00f1o m\u00e1s, la relativa a la <strong>resoluci\u00f3n de cantidad de dudas y consultas de los asistentes<\/strong>, a pesar del inter\u00e9s de alguno que otro en obtener asesoramiento privilegiado para resolver cuestiones de sus clientes. Eso s\u00ed, nefastas las presentaciones que acompa\u00f1aban las ponencias: compru\u00e9benlo ustedes mismos echando un vistazo a los <a title=\"Las presentaciones de la jornada\" href=\"http:\/\/www.agpd.es\/portalwebAGPD\/jornadas\/3_sesion_abierta_2010\/index-ides-idphp.php\">PowerPoint<\/a>. Los que me sigan en <a href=\"http:\/\/twitter.com\/MarcosJudel\">Twitter<\/a> ya lo saben, pero nunca me ha gustado ese programita, y menos todav\u00eda ahora, que hasta hay <a title=\"El PowerPoint nos vuelve tontos\" href=\"http:\/\/www.elpais.com\/articulo\/Pantallas\/PowerPoint\/nos\/hace\/estupidos\/elpepirtv\/20101020elpepirtv_2\/Tes\">estudios que dicen que nos vuelve tontos<\/a>.<\/p>\n\n\n\n<p>En fin&#8230; quiz\u00e1s la parte m\u00e1s entretenida de este tipo de eventos es el reencuentro con los compa\u00f1eros, la \u00abdesvirtualizaci\u00f3n\u00bb de tuiteros que tambi\u00e9n segu\u00edan la <a title=\"El evento en Twitter\" href=\"http:\/\/twitter.com\/#!\/search\/%23sesionAEPD\">#sesionAEPD<\/a>, y el hecho de escaparnos una ma\u00f1ana entera de la pantalla del ordenador y de las muchas veces interminables reuniones. <strong>El a\u00f1o que viene, esperemos que m\u00e1s y mejor<\/strong>.<\/p>\n","protected":false},"excerpt":{"rendered":"Os contamos nuestras impresiones acerca de la III Sesi\u00f3n Anual Abierta de la Agencia Espa\u00f1ola de Protecci\u00f3n de Datos. <A CLASS=\"read-more\" HREF=\"https:\/\/www.audens.es\/blog\/cuando-la-aepd-se-explica-proteccion-de-datos\/\">[+]<\/A>","protected":false},"author":2,"featured_media":2238,"comment_status":"open","ping_status":"open","sticky":false,"template":"","format":"standard","meta":{"footnotes":""},"categories":[6],"tags":[85,50],"class_list":["post-83","post","type-post","status-publish","format-standard","has-post-thumbnail","hentry","category-proteccion_de_datos","tag-administracion-electronica","tag-aepd"],"_links":{"self":[{"href":"https:\/\/www.audens.es\/blog\/wp-json\/wp\/v2\/posts\/83","targetHints":{"allow":["GET"]}}],"collection":[{"href":"https:\/\/www.audens.es\/blog\/wp-json\/wp\/v2\/posts"}],"about":[{"href":"https:\/\/www.audens.es\/blog\/wp-json\/wp\/v2\/types\/post"}],"author":[{"embeddable":true,"href":"https:\/\/www.audens.es\/blog\/wp-json\/wp\/v2\/users\/2"}],"replies":[{"embeddable":true,"href":"https:\/\/www.audens.es\/blog\/wp-json\/wp\/v2\/comments?post=83"}],"version-history":[{"count":0,"href":"https:\/\/www.audens.es\/blog\/wp-json\/wp\/v2\/posts\/83\/revisions"}],"wp:featuredmedia":[{"embeddable":true,"href":"https:\/\/www.audens.es\/blog\/wp-json\/wp\/v2\/media\/2238"}],"wp:attachment":[{"href":"https:\/\/www.audens.es\/blog\/wp-json\/wp\/v2\/media?parent=83"}],"wp:term":[{"taxonomy":"category","embeddable":true,"href":"https:\/\/www.audens.es\/blog\/wp-json\/wp\/v2\/categories?post=83"},{"taxonomy":"post_tag","embeddable":true,"href":"https:\/\/www.audens.es\/blog\/wp-json\/wp\/v2\/tags?post=83"}],"curies":[{"name":"wp","href":"https:\/\/api.w.org\/{rel}","templated":true}]}}