{"id":640,"date":"2011-08-30T10:00:23","date_gmt":"2011-08-30T08:00:23","guid":{"rendered":"http:\/\/www.audenslegal.es\/blog\/?p=640"},"modified":"2016-03-30T01:33:29","modified_gmt":"2016-03-29T23:33:29","slug":"las-redes-sociales-a-debate","status":"publish","type":"post","link":"https:\/\/www.audens.es\/blog\/las-redes-sociales-a-debate\/","title":{"rendered":"Las redes sociales, a debate"},"content":{"rendered":"<p><\/a>Este s\u00e1bado reconoc\u00eda en las antenas de <a title=\"Onda Madrid\" href=\"http:\/\/www.telemadrid.es\/?q=ondamadrid\">Onda Madrid<\/a> que tengo el blog bastante abandonado, y tras entonar p\u00fablicamente el <em>mea culpa<\/em>, retomo mi participaci\u00f3n abordando, precisamente, el tema que debat\u00edamos entonces: <strong>las redes sociales<\/strong>.<\/p>\n<p>Nuestra amiga <a title=\"Ana Alderete\" href=\"http:\/\/www.clubesenciademujer.com\/perfil\/ana-alderete\/curriculum\">Ana Alderete<\/a> nos invita con cierta frecuenca a su programa <a title=\"Esencia de Mujer\" href=\"http:\/\/www.clubesenciademujer.com\/radio\">Esencia de Mujer<\/a>, que emite la cadena p\u00fablica madrile\u00f1a en las ma\u00f1anas de los s\u00e1bados. Con semejante tema de debate, <strong>fue un aut\u00e9ntico placer acudir al estudio<\/strong>, reci\u00e9n aterrizado de las vacaciones estivales.<\/p>\n<p>Mucho ha llovido desde que miles de personas nos fuimos dando de alta en las incipientes redes sociales, y mucho han evolucionado: como herramientas de comunicaci\u00f3n, de ocio o de trabajo, pero tambi\u00e9n en cuestiones legales. Hoy, con millones de usuarios en sus sistemas, siguen estando lejos de cubrir satisfactoriamente los que son para m\u00ed sus dos caballos de batalla: facilitar <strong>informaci\u00f3n clara y precisa<\/strong> y permitir al usuario una <strong>gesti\u00f3n transparente<\/strong> de sus contenidos. Son estos los objetivos hacia los que deber\u00edan dirigirse, en el plano jur\u00eddico, para culminar su evoluci\u00f3n y perfeccionamiento&#8230; sin olvidar la necesidad de avanzar y mejorar, tambi\u00e9n, en la protecci\u00f3n de los usuarios y su intimidad.<\/p>\n<p>En el agradable debate, <a href=\"#escuchar\">que pueden escuhar \u00edntegro un poco m\u00e1s abajo<\/a>, y que fue conducido en esta ocasi\u00f3n por <a title=\"Andrea Fidalgo\" href=\"http:\/\/about.me\/andreafidalgo\">Andrea Fidalgo<\/a>, pudimos abordar cuestiones como la conveniencia de implicarnos en la formaci\u00f3n y concienciaci\u00f3n de los menores, o la <strong>necesidad de emplear el sentido com\u00fan al participar en estos entornos<\/strong>, pues la informaci\u00f3n que colgamos o cuelgan de nosotros puede perjudicarnos en procesos de selecci\u00f3n, enturbiar nuestras relaciones personales o, peor a\u00fan, derivar en problemas legales.<\/p>\n<p>Curiosamente (o no) los cinco contertulios coincidimos en gran medida en nuestras conclusiones, que me atrever\u00eda a resumir en dos:<strong> las redes sociales son herramientas muy \u00fatiles, pero los usuarios debemos ser conscientes de las implicaciones de su uso<\/strong>, y actuar en consecuencia.<\/p>\n<p><a name=\"escuchar\"><\/a>[audio:http:\/\/www.clubesenciademujer.com\/sites\/default\/files\/programas\/radio\/Esencia%20de%20Mujer%20-%20sabado%2027%20agosto%202011.mp3|titles=Debate: Redes Sociales \u00bfpositivas o negativas?]<\/p>\n","protected":false},"excerpt":{"rendered":"Las redes sociales son herramientas extraordinarias, pero han de ser utilizadas con sentido com\u00fan y siendo conscientes de las implicaciones de su uso. <A CLASS=\"read-more\" HREF=\"https:\/\/www.audens.es\/blog\/las-redes-sociales-a-debate\/\">[+]<\/A>","protected":false},"author":2,"featured_media":2182,"comment_status":"open","ping_status":"open","sticky":false,"template":"","format":"standard","meta":{"footnotes":""},"categories":[6],"tags":[55,74],"class_list":["post-640","post","type-post","status-publish","format-standard","has-post-thumbnail","hentry","category-proteccion_de_datos","tag-lopd","tag-redes-sociales"],"_links":{"self":[{"href":"https:\/\/www.audens.es\/blog\/wp-json\/wp\/v2\/posts\/640","targetHints":{"allow":["GET"]}}],"collection":[{"href":"https:\/\/www.audens.es\/blog\/wp-json\/wp\/v2\/posts"}],"about":[{"href":"https:\/\/www.audens.es\/blog\/wp-json\/wp\/v2\/types\/post"}],"author":[{"embeddable":true,"href":"https:\/\/www.audens.es\/blog\/wp-json\/wp\/v2\/users\/2"}],"replies":[{"embeddable":true,"href":"https:\/\/www.audens.es\/blog\/wp-json\/wp\/v2\/comments?post=640"}],"version-history":[{"count":0,"href":"https:\/\/www.audens.es\/blog\/wp-json\/wp\/v2\/posts\/640\/revisions"}],"wp:featuredmedia":[{"embeddable":true,"href":"https:\/\/www.audens.es\/blog\/wp-json\/wp\/v2\/media\/2182"}],"wp:attachment":[{"href":"https:\/\/www.audens.es\/blog\/wp-json\/wp\/v2\/media?parent=640"}],"wp:term":[{"taxonomy":"category","embeddable":true,"href":"https:\/\/www.audens.es\/blog\/wp-json\/wp\/v2\/categories?post=640"},{"taxonomy":"post_tag","embeddable":true,"href":"https:\/\/www.audens.es\/blog\/wp-json\/wp\/v2\/tags?post=640"}],"curies":[{"name":"wp","href":"https:\/\/api.w.org\/{rel}","templated":true}]}}