{"id":3207,"date":"2025-01-29T12:00:00","date_gmt":"2025-01-29T10:00:00","guid":{"rendered":"https:\/\/www.audens.es\/blog\/?p=3207"},"modified":"2025-03-17T17:23:37","modified_gmt":"2025-03-17T15:23:37","slug":"la-sobrerregulacion-europea","status":"publish","type":"post","link":"https:\/\/www.audens.es\/blog\/la-sobrerregulacion-europea\/","title":{"rendered":"La sobrerregulaci\u00f3n europea&#8230;"},"content":{"rendered":"\n<p>Art\u00edculo publicado por <a href=\"https:\/\/www.audens.es\/marcos-judel.php\">Marcos Judel<\/a> en Diario La Ley:<\/p>\n\n\n<div class=\"wp-block-image\">\n<figure class=\"aligncenter size-full\"><a href=\"https:\/\/diariolaley.laleynext.es\/Content\/Documento.aspx?params=H4sIAAAAAAAEAEVQwWrDMAz9mvo44jSU7uBLkx4K6Zp0YWynodgiMXi2sexs_fs569gEOujp6fGeIowkeMFAxgSmcVLw7X6d9IIDjOvKBYXhcBMFiy6CueJ6UPJHRrP7fIJFTxC1swcIYggJmVbntn9GI85oUxe0ldqD4eV7wfNOiWYoclV7vuMVWzBQPhYvekIbkc16mtvc8a4FRJoaiCCaSz28dcdNWTXDZjseXxkhBDl3MKFoNUXIxpKJoBxdvLZZ9AHIfzFpMi9LYA0GrfpzSS0kK-c-YbjdIfMPnJRo-18ZBt6b29WZHPyH5x3lR6WPbPhkawguUU5bfAObKK1VSwEAAA==WKE\" target=\"_blank\" rel=\"noreferrer noopener\"><img loading=\"lazy\" decoding=\"async\" width=\"400\" height=\"382\" src=\"https:\/\/www.audens.es\/blog\/wp-content\/uploads\/2025\/03\/sobrerregulacion.png\" alt=\"\" class=\"wp-image-3208\" srcset=\"https:\/\/www.audens.es\/blog\/wp-content\/uploads\/2025\/03\/sobrerregulacion.png 400w, https:\/\/www.audens.es\/blog\/wp-content\/uploads\/2025\/03\/sobrerregulacion-300x287.png 300w\" sizes=\"auto, (max-width: 400px) 100vw, 400px\" \/><\/a><\/figure>\n<\/div>\n\n\n<p class=\"has-text-align-right\"><a href=\"https:\/\/cincodias.elpais.com\/legal\/2024-05-27\/el-profesional-de-la-privacidad-imprescindible-en-la-era-de-la-inteligencia-artificial.html\" target=\"_blank\" rel=\"noreferrer noopener\">Lea el art\u00edculo completo [+]<\/a><\/p>\n\n\n\n<p><\/p>\n","protected":false},"excerpt":{"rendered":"Europa lidera la regulaci\u00f3n en privacidad e IA, pero \u00bfa qu\u00e9 precio? Marcos Judel reflexiona sobre el reto de equilibrar derechos fundamentales e innovaci\u00f3n para evitar que la hiperregulaci\u00f3n frene el desarrollo tecnol\u00f3gico. <A CLASS=\"read-more\" HREF=\"https:\/\/www.audens.es\/blog\/la-sobrerregulacion-europea\/\">[+]<\/A>","protected":false},"author":1,"featured_media":0,"comment_status":"open","ping_status":"open","sticky":false,"template":"","format":"standard","meta":{"footnotes":""},"categories":[6],"tags":[178,247,172,167],"class_list":["post-3207","post","type-post","status-publish","format-standard","hentry","category-proteccion_de_datos","tag-colaboraciones","tag-diario-la-ley","tag-reformas-legales","tag-union-europea"],"_links":{"self":[{"href":"https:\/\/www.audens.es\/blog\/wp-json\/wp\/v2\/posts\/3207","targetHints":{"allow":["GET"]}}],"collection":[{"href":"https:\/\/www.audens.es\/blog\/wp-json\/wp\/v2\/posts"}],"about":[{"href":"https:\/\/www.audens.es\/blog\/wp-json\/wp\/v2\/types\/post"}],"author":[{"embeddable":true,"href":"https:\/\/www.audens.es\/blog\/wp-json\/wp\/v2\/users\/1"}],"replies":[{"embeddable":true,"href":"https:\/\/www.audens.es\/blog\/wp-json\/wp\/v2\/comments?post=3207"}],"version-history":[{"count":2,"href":"https:\/\/www.audens.es\/blog\/wp-json\/wp\/v2\/posts\/3207\/revisions"}],"predecessor-version":[{"id":3210,"href":"https:\/\/www.audens.es\/blog\/wp-json\/wp\/v2\/posts\/3207\/revisions\/3210"}],"wp:attachment":[{"href":"https:\/\/www.audens.es\/blog\/wp-json\/wp\/v2\/media?parent=3207"}],"wp:term":[{"taxonomy":"category","embeddable":true,"href":"https:\/\/www.audens.es\/blog\/wp-json\/wp\/v2\/categories?post=3207"},{"taxonomy":"post_tag","embeddable":true,"href":"https:\/\/www.audens.es\/blog\/wp-json\/wp\/v2\/tags?post=3207"}],"curies":[{"name":"wp","href":"https:\/\/api.w.org\/{rel}","templated":true}]}}