{"id":2041,"date":"2016-01-28T18:03:02","date_gmt":"2016-01-28T17:03:02","guid":{"rendered":"http:\/\/www.audens.es\/blog\/?p=2041"},"modified":"2021-02-02T12:25:22","modified_gmt":"2021-02-02T10:25:22","slug":"dia-de-la-proteccion-de-datos-2","status":"publish","type":"post","link":"https:\/\/www.audens.es\/blog\/dia-de-la-proteccion-de-datos-2\/","title":{"rendered":"D\u00eda de la Protecci\u00f3n de Datos"},"content":{"rendered":"<p>Con motivo del D\u00eda Europeo de la Protecci\u00f3n de Datos, hemos sido invitados a colaborar en varios medios de comunicaci\u00f3n y plataformas jur\u00eddicas, a los que agradecemos que hayan contado nuevamente con nosotros. Os dejamos enlaces a los art\u00edculos que hemos publicado:<\/p>\n<h3 style=\"font-size: 150%;\">A las puertas del Reglamento Europeo de Protecci\u00f3n de Datos<\/h3>\n<p>Art\u00edculo de <a title=\"Marcos Judel\" href=\"https:\/\/www.audens.es\/marcos-judel.php\">Marcos Judel<\/a> en LawyerPress.<\/p>\n<p style=\"text-align: center;\"><a href=\"http:\/\/www.lawyerpress.com\/news\/2016_01\/2801_16_004.html\"><img loading=\"lazy\" decoding=\"async\" class=\"aligncenter size-full wp-image-2042\" src=\"https:\/\/www.audens.es\/blog\/wp-content\/uploads\/2016\/01\/reglamento.png\" alt=\"A las puertas del Reglamento Europeo de Protecci\u00f3n de Datos\" width=\"400\" height=\"382\" srcset=\"https:\/\/www.audens.es\/blog\/wp-content\/uploads\/2016\/01\/reglamento.png 400w, https:\/\/www.audens.es\/blog\/wp-content\/uploads\/2016\/01\/reglamento-300x287.png 300w\" sizes=\"auto, (max-width: 400px) 100vw, 400px\" \/><\/a><\/p>\n<p style=\"text-align: right;\"><a title=\"A las puertas del Reglamento Europeo de Protecci\u00f3n de Datos\" href=\"http:\/\/www.lawyerpress.com\/news\/2016_01\/2801_16_004.html\">Lea el art\u00edculo completo [+]<\/a><\/p>\n<h3 style=\"font-size: 150%;\">\u00bfTengo derecho a la privacidad en el trabajo?<\/h3>\n<p>Art\u00edculo de <a title=\"Leandro N\u00fa\u00f1ez\" href=\"https:\/\/www.audens.es\/leandro-nunez.php\">Leandro N\u00fa\u00f1ez<\/a> en Law&amp;Trends.<\/p>\n<p style=\"text-align: center;\"><a href=\"http:\/\/www.lawandtrends.com\/noticias\/tic\/tengo-derecho-a-la-privacidad-en-el-trabajo.html\"><img loading=\"lazy\" decoding=\"async\" class=\"aligncenter size-full wp-image-2048\" src=\"https:\/\/www.audens.es\/blog\/wp-content\/uploads\/2016\/01\/comunicaciones.png\" alt=\"\u00bfTengo derecho a la privacidad en el trabajo?\" width=\"400\" height=\"382\" srcset=\"https:\/\/www.audens.es\/blog\/wp-content\/uploads\/2016\/01\/comunicaciones.png 400w, https:\/\/www.audens.es\/blog\/wp-content\/uploads\/2016\/01\/comunicaciones-300x287.png 300w\" sizes=\"auto, (max-width: 400px) 100vw, 400px\" \/><\/a><\/p>\n<p style=\"text-align: right;\"><a title=\"\u00bfTengo derecho a la privacidad en el trabajo?\" href=\"http:\/\/www.lawandtrends.com\/noticias\/tic\/tengo-derecho-a-la-privacidad-en-el-trabajo.html\">Lea el art\u00edculo completo [+]<\/a><\/p>\n<h3 style=\"font-size: 150%;\">Consentimiento&#8230; \u00bfexpl\u00edcito?<\/h3>\n<p>Art\u00edculo de <a title=\"Leandro N\u00fa\u00f1ez\" href=\"https:\/\/www.audens.es\/leandro-nunez.php\">Leandro N\u00fa\u00f1ez<\/a> en APEP.<\/p>\n<p style=\"text-align: center;\"><a href=\"http:\/\/www.apep.es\/jose-leandro-nunez-garcia-consentimiento-explicito\/\"><img loading=\"lazy\" decoding=\"async\" class=\"aligncenter size-full wp-image-2050\" src=\"https:\/\/www.audens.es\/blog\/wp-content\/uploads\/2016\/01\/consentimiento.png\" alt=\"Consentimiento... \u00bfexpl\u00edcito?\" width=\"400\" height=\"382\" srcset=\"https:\/\/www.audens.es\/blog\/wp-content\/uploads\/2016\/01\/consentimiento.png 400w, https:\/\/www.audens.es\/blog\/wp-content\/uploads\/2016\/01\/consentimiento-300x287.png 300w\" sizes=\"auto, (max-width: 400px) 100vw, 400px\" \/><\/a><\/p>\n<p style=\"text-align: right;\"><a title=\"Consentimiento... \u00bfexpl\u00edcito?\" href=\"http:\/\/www.apep.es\/jose-leandro-nunez-garcia-consentimiento-explicito\/\">Lea el art\u00edculo completo [+]<\/a><\/p>\n","protected":false},"excerpt":{"rendered":"Colaboraciones del despacho en otros medios y blogs, con motivo del D\u00eda Europeo de la Protecci\u00f3n de Datos 2016. <A CLASS=\"read-more\" HREF=\"https:\/\/www.audens.es\/blog\/dia-de-la-proteccion-de-datos-2\/\">[+]<\/A>","protected":false},"author":1,"featured_media":0,"comment_status":"open","ping_status":"open","sticky":false,"template":"","format":"standard","meta":{"footnotes":""},"categories":[6],"tags":[57,178,188,160,172,129],"class_list":["post-2041","post","type-post","status-publish","format-standard","hentry","category-proteccion_de_datos","tag-apep","tag-colaboraciones","tag-lawtrends","tag-lawyerpress","tag-reformas-legales","tag-secreto-de-las-comunicaciones"],"_links":{"self":[{"href":"https:\/\/www.audens.es\/blog\/wp-json\/wp\/v2\/posts\/2041","targetHints":{"allow":["GET"]}}],"collection":[{"href":"https:\/\/www.audens.es\/blog\/wp-json\/wp\/v2\/posts"}],"about":[{"href":"https:\/\/www.audens.es\/blog\/wp-json\/wp\/v2\/types\/post"}],"author":[{"embeddable":true,"href":"https:\/\/www.audens.es\/blog\/wp-json\/wp\/v2\/users\/1"}],"replies":[{"embeddable":true,"href":"https:\/\/www.audens.es\/blog\/wp-json\/wp\/v2\/comments?post=2041"}],"version-history":[{"count":0,"href":"https:\/\/www.audens.es\/blog\/wp-json\/wp\/v2\/posts\/2041\/revisions"}],"wp:attachment":[{"href":"https:\/\/www.audens.es\/blog\/wp-json\/wp\/v2\/media?parent=2041"}],"wp:term":[{"taxonomy":"category","embeddable":true,"href":"https:\/\/www.audens.es\/blog\/wp-json\/wp\/v2\/categories?post=2041"},{"taxonomy":"post_tag","embeddable":true,"href":"https:\/\/www.audens.es\/blog\/wp-json\/wp\/v2\/tags?post=2041"}],"curies":[{"name":"wp","href":"https:\/\/api.w.org\/{rel}","templated":true}]}}