{"id":1479,"date":"2014-02-10T13:00:13","date_gmt":"2014-02-10T12:00:13","guid":{"rendered":"http:\/\/www.audens.es\/blog\/?p=1479"},"modified":"2016-03-29T11:23:11","modified_gmt":"2016-03-29T09:23:11","slug":"crear-una-empresa-desde-casa","status":"publish","type":"post","link":"https:\/\/www.audens.es\/blog\/crear-una-empresa-desde-casa\/","title":{"rendered":"(el) Sal\u00f3n (es) mi empresa"},"content":{"rendered":"<p>En este mismo mes de febrero se celebra, un a\u00f1o m\u00e1s, el \u201c<a title=\"Sal\u00f3n Mi Empresa\" href=\"http:\/\/www.salonmiempresa.com\/\">Sal\u00f3n mi empresa<\/a>\u201d en el Palacio de Deportes de la Comunidad de Madrid, referente punto de encuentro de emprendedores y pymes, y un evento que nos es especialmente cercano por nuestra actividad diaria&#8230; y porque, adem\u00e1s, se celebra justo enfrente del despacho. Un lujo, vamos.<\/p>\n<p>El t\u00edtulo nos recuerda un modelo de lanzamiento de negocio que se ve cada vez con m\u00e1s frecuencia: <strong>crear y gestionar una empresa desde el sal\u00f3n de mi casa<\/strong>. Los motivos que llevan a un emprendedor a montar su negocio en su hogar son tan diversos como cada situaci\u00f3n personal, pero hay determinados factores que resultan determinantes: prescindir de los elevados costes estructurales y fijos que supone el alquiler de un local; conciliar la actividad con la situaci\u00f3n familiar y personal; combinar el proyecto con el trabajo actual hasta \u201cver que tal va\u201d; y, por supuesto, el miedo a que la idea no funcione y hayamos incurrido en gastos innecesarios.<\/p>\n<p>Sea cual fuere el motivo, la cuesti\u00f3n es que muchos emprendedores est\u00e1n recuperando la mesa de estudios (incluso el estuche) que tanto usaron en la Universidad para comenzar negocios o micronegocios a los que ven potencial. Pero el hecho de hacerlo \u201cdesde casa\u201d <strong>no quiere decir que no tengamos que tener en cuenta una serie de puntos imprescindibles<\/strong> para que, si todo va bien, podamos crecer y consolidar nuestro negocio&#8230; y si, desafortunadamente, no es as\u00ed, podamos plegar velas reduciendo los perjuicios al m\u00ednimo posible. Es el momento de miles de preguntas que es preciso contestar incluso antes de dar el primer paso, y hoy nos ocuparemos de las primeras cuestiones legales que creemos que todo \u201cemprendedor de sal\u00f3n\u201d debe plantearse. Ojo, que van:<\/p>\n<p>En primer lugar tenemos que preguntarnos: <strong>\u00bfpuedo hacer esto aqu\u00ed?<\/strong> En solamente cuatro palabras, lo que condensamos es la siguiente informaci\u00f3n: si existen obligaciones legales que mi negocio deba cumplir para poder realizarse desde un domicilio particular; si son necesarias licencias, permisos o tr\u00e1mites de alg\u00fan tipo; si voy a necesitar realizar obras o no; si mi comunidad de vecinos tiene establecidas normas que lo impidan; etc. etc. Hablamos de la viabilidad legal pura del negocio en el contexto exacto de tu sal\u00f3n. Hasta que no estemos seguros de esto, mejor no sigamos con lo dem\u00e1s, o nos expondremos a perder tiempo y dinero.<\/p>\n<p>Cuando ya sabemos que podemos llevar a cabo nuestra idea desde el sof\u00e1 llega el momento de contestar: \u00bf\u201cqu\u00e9\u201d queremos ser? Esta frase no es tan metaf\u00edsica como parece, no nos asustemos. Las cuestiones sobre ad\u00f3nde queremos llegar, que necesidades vamos a suplir, nuestra imagen y estilo&#8230; las dejamos para el plan de negocio. Me refiero \u00fanicamente a <strong>nuestra personalidad jur\u00eddica<\/strong>. \u00bfAut\u00f3nomo? \u00bfSociedad limitada? \u00bfComunidad de bienes? \u00bfAsociaci\u00f3n? Cada una tiene sus pros y sus contras, pero teniendo en cuenta la rebaja en tiempo y formalidades que \u00faltimamente se ha conseguido para constituir una SL&#8230; yo empezar\u00eda mirando esta posibilidad.<\/p>\n<p>Esta decisi\u00f3n resulta indispensable para tomar otras posteriores, como qu\u00e9 tipo de obligaciones fiscales tendremos, incluyendo la decisi\u00f3n de afectar o no parte de la vivienda a la actividad; a nombre de qui\u00e9n facturamos o inscribimos los ficheros de datos personales; qui\u00e9n solicita licencias, etc. Definir\u00e1 nuestra responsabilidad y nuestra sede social, y ser\u00e1 una parte esencial en nuestra relaci\u00f3n cono la administraci\u00f3n y con nuestros clientes.<\/p>\n<p>Llegado a este punto, y teniendo claro qu\u00e9 podemos hacerlo y c\u00f3mo lo vamos a hacer, toca preguntarse: <strong>\u00bfqu\u00e9 voy a necesitar proteger?<\/strong> Ya hemos tratado este tema en otras ocasiones (\u00bfrecord\u00e1is los <a href=https:\/\/www.audens.es\/blog\/los-siete-samurais-start-ups\/\">siete samurais<\/a>?), pero hablamos de aspectos como las responsabilidades de los socios, la marca con la que vayamos a presentarnos al mercado, el m\u00e1s que seguramente existente dominio web, nuestra informaci\u00f3n confidencial, las obligaciones en materia de protecci\u00f3n de datos y comercio electr\u00f3nico (\u00bfa\u00fan quedan negocios que no funcionen, al menos en parte, online?), la propiedad intelectual e industrial de mis creaciones, proteger la app que estoy creando o el dise\u00f1o de los mu\u00f1equitos que vender\u00e9, los textos de mi blog&#8230;<\/p>\n<p>Obviamente, dependiendo de nuestra idea aparecer\u00e1n necesidades diferentes, pero debemos <strong>tener claro cual es el coraz\u00f3n de nuestro negocio<\/strong>. Puede que no podamos afrontar todos los gastos legales al principio (aunque fuera lo deseable, que conste), pero al menos los que resulten vitales es preciso tratarlos como tales. Si dedicamos meses de trabajo a conseguir una imagen de marca por la que se nos reconozca en un determinado sector&#8230; resultar\u00eda un desastre que perdi\u00e9ramos el derecho a usarla por no haberla registrado y que otro se nos adelante, \u00bfverdad?<\/p>\n<p>Las pymes, micropymes, las iniciativas aut\u00f3nomas&#8230; de un tiempo a esta parte se han convertido en \u201cla gran esperanza\u201d no s\u00f3lo para las personas que lanzan este tipo de negocios sino, en realidad, para el resurgir de la econom\u00eda en general. Puede que los \u00e1rboles m\u00e1s grandes del jard\u00edn sean las grandes multinacionales, pero sin el c\u00e9sped que van creando pymes y startups pocos \u201cbrotes verdes\u201d vamos a ver. As\u00ed que, aunque los primeros pasos sean desde el sof\u00e1 del sal\u00f3n, \u00a1que no falten el \u00e1nimo, el trabajo y la firmeza en los pasos! Si se hace todo con el debido cuidado, <strong>al final os sentir\u00e9is en vuestro negocio como&#8230; bueno, como en casa<\/strong>.<\/p>\n","protected":false},"excerpt":{"rendered":"\u00bfPor qu\u00e9 se montan empresas desde el sal\u00f3n de casa? \u00bfQu\u00e9 aspectos hay que tener en cuenta antes de lanzarse a la aventura? <A CLASS=\"read-more\" HREF=\"https:\/\/www.audens.es\/blog\/crear-una-empresa-desde-casa\/\">[+]<\/A>","protected":false},"author":3,"featured_media":1484,"comment_status":"open","ping_status":"open","sticky":false,"template":"","format":"standard","meta":{"footnotes":""},"categories":[1],"tags":[115,35,108,107,105],"class_list":["post-1479","post","type-post","status-publish","format-standard","has-post-thumbnail","hentry","category-comercio_electronico","tag-emprendedores","tag-marcas","tag-pymes","tag-sociedades","tag-start-ups"],"_links":{"self":[{"href":"https:\/\/www.audens.es\/blog\/wp-json\/wp\/v2\/posts\/1479","targetHints":{"allow":["GET"]}}],"collection":[{"href":"https:\/\/www.audens.es\/blog\/wp-json\/wp\/v2\/posts"}],"about":[{"href":"https:\/\/www.audens.es\/blog\/wp-json\/wp\/v2\/types\/post"}],"author":[{"embeddable":true,"href":"https:\/\/www.audens.es\/blog\/wp-json\/wp\/v2\/users\/3"}],"replies":[{"embeddable":true,"href":"https:\/\/www.audens.es\/blog\/wp-json\/wp\/v2\/comments?post=1479"}],"version-history":[{"count":0,"href":"https:\/\/www.audens.es\/blog\/wp-json\/wp\/v2\/posts\/1479\/revisions"}],"wp:featuredmedia":[{"embeddable":true,"href":"https:\/\/www.audens.es\/blog\/wp-json\/wp\/v2\/media\/1484"}],"wp:attachment":[{"href":"https:\/\/www.audens.es\/blog\/wp-json\/wp\/v2\/media?parent=1479"}],"wp:term":[{"taxonomy":"category","embeddable":true,"href":"https:\/\/www.audens.es\/blog\/wp-json\/wp\/v2\/categories?post=1479"},{"taxonomy":"post_tag","embeddable":true,"href":"https:\/\/www.audens.es\/blog\/wp-json\/wp\/v2\/tags?post=1479"}],"curies":[{"name":"wp","href":"https:\/\/api.w.org\/{rel}","templated":true}]}}