{"id":127,"date":"2010-11-09T16:31:32","date_gmt":"2010-11-09T14:31:32","guid":{"rendered":"http:\/\/www.audenslegal.es\/blog\/?p=127"},"modified":"2016-03-30T13:30:53","modified_gmt":"2016-03-30T11:30:53","slug":"derecho-al-olvido-reputacion-online","status":"publish","type":"post","link":"https:\/\/www.audens.es\/blog\/derecho-al-olvido-reputacion-online\/","title":{"rendered":"Olv\u00eddenme"},"content":{"rendered":"<p>Es de sobra conocido que, desde hace meses, Bruselas est\u00e1 trabajando en renovar el marco comunitario de la protecci\u00f3n de datos. Ya lo anunci\u00f3 en una conferencia de alto nivel celebrada en mayo de 2009, y ahora nos lo recuerda a trav\u00e9s de una Comunicaci\u00f3n titulada \u00ab<a title=\"COM(2010) 609 final\" href=\"http:\/\/ec.europa.eu\/justice\/news\/consulting_public\/0006\/com_2010_609_es.pdf\">Un enfoque global a la protecci\u00f3n de datos personales en la Uni\u00f3n Europea<\/a>\u00ab. Entre las muchas e interesantes reflexiones incluidas en este documento nos permitimos destacar una, muy relacionada con <a title=\"reputaci\u00f3n online\" href=https:\/\/www.audens.es\/blog\/se-dice-se-comenta-se-rumorea-reputacion-online\/\">otro tema que trat\u00e1bamos hace unos d\u00edas<\/a>: la propuesta de clarificaci\u00f3n del llamado \u00abderecho al olvido\u00bb.<\/p>\n<p>Al contrario de <a title=\"Bruselas quiere regular el &#039;derecho al olvido&#039; en las redes sociales. europapress.es\" href=\"http:\/\/www.europapress.es\/chance\/tendencias\/noticia-bruselas-quiere-regular-derecho-olvido-redes-sociales-20101104180126.html\">lo que afirman muchos medios de comunicaci\u00f3n<\/a>, el derecho al olvido no es algo nuevo. La jurisprudencia norteamericana <a title=\"Melvin v. Reid\" href=\"http:\/\/itlaw.wikia.com\/wiki\/Melvin_v._Reid\">lo reconoce desde 1931<\/a>, y en nuestra legislaci\u00f3n figura en el art\u00edculo 4.5 de la LOPD: \u00abLos datos de car\u00e1cter personal ser\u00e1n cancelados cuando hayan dejado de ser necesarios o pertinentes para la finalidad para la cual hubieran sido recabados o registrados\u00bb. El problema, como afirma la Comunicaci\u00f3n de la Uni\u00f3n Europea, es que en Internet, y en especial en las redes sociales, es especialmente complicado \u00abque los individuos puedan ejercer un control efectivo sobre los datos que les conciernen\u00bb. De hecho, la propia <a title=\"Servicios de Internet y riesgos para tus datos personales \" href=\"http:\/\/www.agpd.es\/portalwebAGPD\/jornadas\/dia_internet_2010\/servicios_y_riesgos-ides-idphp.php\">Agencia Espa\u00f1ola de Protecci\u00f3n de Datos<\/a> advierte en su web que \u00abal dar de baja un perfil, y a pesar de haber cancelado la cuenta, cierta informaci\u00f3n puede seguir publicada en los perfiles de tus contactos de la red social\u00bb. De ah\u00ed que Bruselas se est\u00e9 planteando reforzar este derecho.<\/p>\n<p>A diferencia del \u00abderecho de cancelaci\u00f3n\u00bb, reservado para suprimir aquellos datos que resulten ser \u00abinadecuados o excesivos\u00bb, el derecho al olvido se acerca m\u00e1s a la denominada \u00abrevocaci\u00f3n del consentimiento\u00bb. Un matiz importante, porque la filosof\u00eda detr\u00e1s de esta figura es completamente distinta: dado que nuestros datos personales nos pertenecen, podemos decidir en cualquier momento que no queremos que una empresa los siga tratando. Aunque no sean excesivos. Y sin m\u00e1s explicaciones.<\/p>\n<p>Mientras que la <a title=\"Directiva 95\/46\/CE\" href=\"http:\/\/eur-lex.europa.eu\/LexUriServ\/LexUriServ.do?uri=CELEX:31995L0046:ES:HTML\">Directiva de Protecci\u00f3n de Datos<\/a> ni menciona esta figura, en Espa\u00f1a est\u00e1 ya concretada en el art\u00edculo 17 del <a title=\"Reglamento de desarrollo de la Ley Org\u00e1nica 15\/1999, de 13 de diciembre, de Protecci\u00f3n de datos de car\u00e1cter personal\" href=\"http:\/\/www.boe.es\/aeboe\/consultas\/bases_datos\/doc.php?id=BOE-A-2008-979\">Reglamento de Desarrollo de la LOPD<\/a>. Para ahorrarles la lectura, b\u00e1sicamente se regula que los ciudadanos tendremos la posibilidad de revocar nuestro consentimiento de forma sencilla y gratuita, y que las empresas tienen un plazo de diez d\u00edas para atender nuestra petici\u00f3n. El problema es c\u00f3mo hacer realidad esta facultad en Internet, donde las empresas se escudan en dificultades t\u00e9cnicas&#8230; o directamente se acogen a jurisdicciones extranjeras para no tener que cumplir con las estrictas normas comunitarias de privacidad. Veremos c\u00f3mo solventa este dilema la Comisi\u00f3n Europea.<\/p>\n","protected":false},"excerpt":{"rendered":"\u00bfC\u00f3mo hacer para borrar nuestros datos de Internet? La Uni\u00f3n Europea habla de crear un Derecho al Olvido, algo que en Espa\u00f1a ya existe. \u00bfQuieres saber en qu\u00e9 consiste? <A CLASS=\"read-more\" HREF=\"https:\/\/www.audens.es\/blog\/derecho-al-olvido-reputacion-online\/\">[+]<\/A>","protected":false},"author":2,"featured_media":2122,"comment_status":"open","ping_status":"open","sticky":false,"template":"","format":"standard","meta":{"footnotes":""},"categories":[6],"tags":[50,54,55],"class_list":["post-127","post","type-post","status-publish","format-standard","has-post-thumbnail","hentry","category-proteccion_de_datos","tag-aepd","tag-derecho-al-olvido","tag-lopd"],"_links":{"self":[{"href":"https:\/\/www.audens.es\/blog\/wp-json\/wp\/v2\/posts\/127","targetHints":{"allow":["GET"]}}],"collection":[{"href":"https:\/\/www.audens.es\/blog\/wp-json\/wp\/v2\/posts"}],"about":[{"href":"https:\/\/www.audens.es\/blog\/wp-json\/wp\/v2\/types\/post"}],"author":[{"embeddable":true,"href":"https:\/\/www.audens.es\/blog\/wp-json\/wp\/v2\/users\/2"}],"replies":[{"embeddable":true,"href":"https:\/\/www.audens.es\/blog\/wp-json\/wp\/v2\/comments?post=127"}],"version-history":[{"count":0,"href":"https:\/\/www.audens.es\/blog\/wp-json\/wp\/v2\/posts\/127\/revisions"}],"wp:featuredmedia":[{"embeddable":true,"href":"https:\/\/www.audens.es\/blog\/wp-json\/wp\/v2\/media\/2122"}],"wp:attachment":[{"href":"https:\/\/www.audens.es\/blog\/wp-json\/wp\/v2\/media?parent=127"}],"wp:term":[{"taxonomy":"category","embeddable":true,"href":"https:\/\/www.audens.es\/blog\/wp-json\/wp\/v2\/categories?post=127"},{"taxonomy":"post_tag","embeddable":true,"href":"https:\/\/www.audens.es\/blog\/wp-json\/wp\/v2\/tags?post=127"}],"curies":[{"name":"wp","href":"https:\/\/api.w.org\/{rel}","templated":true}]}}