{"id":1143,"date":"2012-11-13T10:30:28","date_gmt":"2012-11-13T09:30:28","guid":{"rendered":"http:\/\/www.audens.es\/blog\/?p=1143"},"modified":"2016-03-29T12:14:09","modified_gmt":"2016-03-29T10:14:09","slug":"tasas-injustas-administracion-de-justicia","status":"publish","type":"post","link":"https:\/\/www.audens.es\/blog\/tasas-injustas-administracion-de-justicia\/","title":{"rendered":"Una ley injusta, unas tasas prohibitivas"},"content":{"rendered":"<p>Ma\u00f1ana se vota en el Pleno del Senado el \u00abProyecto de Ley por la que se regulan determinadas tasas en el a\u0301mbito de la Administracio\u0301n de Justicia y del Instituto Nacional de Toxicologi\u0301a y Ciencias Forenses\u00bb. La llamada \u00abLey de Tasas Judiciales\u00bb, por la que <strong>los ciudadanos deber\u00e1n abonar cuantiosas sumas para ejercer su derecho de acudir a los tribunales<\/strong>, ha logrado unir a jueces, fiscales y abogados en un clamor un\u00e1nime, por injusta, desproporcionada&#8230; y probablemente anticonstitucional.<\/p>\n<p>Ma\u00f1ana, si nada lo remedia, el texto de la Ley ser\u00e1 aprobado por el pleno de la C\u00e1mara Alta. Estaremos m\u00e1s cerca, pues, de tener que pagar un m\u00ednimo de 350\u20ac por un procedimiento ordinario, por poner un ejemplo. <strong>Un atropello contra la ciudadan\u00eda que no podemos sino denunciar<\/strong>, y al que nos oponemos firmemente. Es por ello que este despacho se solidariza con los compa\u00f1eros que, en toda Espa\u00f1a, contin\u00faan protestando contra este proyecto injusto, y apoya <a title=\"Comunicado de ENATIC contra la propuesta de ley de tasas judiciales\" href=\"http:\/\/enatic.blogspot.com.es\/p\/comunicado-de-enatic-contra-la.html\">el comunicado que la asociaci\u00f3n de cabecera de los abogados tecnol\u00f3gicos, Enatic<\/a>, ha emitido al respecto.<\/p>\n<p>Creemos firmemente que deben adoptarse medidas urgentes para desbloquear la Administraci\u00f3n de Justicia, e incluso para reducir sus costes. Pero este, salta a la vista, no es el camino.<\/p>\n<p><strong>Actualizaci\u00f3n (16.11.2012)<\/strong><\/p>\n<p>Para m\u00e1s informaci\u00f3n, les recomendamos este art\u00edculo, publicado en Contencioso.es: <a title=\"Tasas judiciales: un asesino silencioso\" href=\"http:\/\/contencioso.es\/2012\/11\/16\/tasas-judiciales-un-asesino-silencioso\/\">Tasas judiciales, un asesino silencioso<\/a>.<\/p>\n","protected":false},"excerpt":{"rendered":"Nos adherimos al comunicado de Enatic, en contra de la propuesta de tasas judiciales. <A CLASS=\"read-more\" HREF=\"https:\/\/www.audens.es\/blog\/tasas-injustas-administracion-de-justicia\/\">[+]<\/A>","protected":false},"author":1,"featured_media":1145,"comment_status":"open","ping_status":"open","sticky":false,"template":"","format":"standard","meta":{"footnotes":""},"categories":[8],"tags":[62,77,42,76],"class_list":["post-1143","post","type-post","status-publish","format-standard","has-post-thumbnail","hentry","category-audens","tag-enatic","tag-juzgados-y-tribunales","tag-proyectos-de-ley","tag-tasas"],"_links":{"self":[{"href":"https:\/\/www.audens.es\/blog\/wp-json\/wp\/v2\/posts\/1143","targetHints":{"allow":["GET"]}}],"collection":[{"href":"https:\/\/www.audens.es\/blog\/wp-json\/wp\/v2\/posts"}],"about":[{"href":"https:\/\/www.audens.es\/blog\/wp-json\/wp\/v2\/types\/post"}],"author":[{"embeddable":true,"href":"https:\/\/www.audens.es\/blog\/wp-json\/wp\/v2\/users\/1"}],"replies":[{"embeddable":true,"href":"https:\/\/www.audens.es\/blog\/wp-json\/wp\/v2\/comments?post=1143"}],"version-history":[{"count":0,"href":"https:\/\/www.audens.es\/blog\/wp-json\/wp\/v2\/posts\/1143\/revisions"}],"wp:featuredmedia":[{"embeddable":true,"href":"https:\/\/www.audens.es\/blog\/wp-json\/wp\/v2\/media\/1145"}],"wp:attachment":[{"href":"https:\/\/www.audens.es\/blog\/wp-json\/wp\/v2\/media?parent=1143"}],"wp:term":[{"taxonomy":"category","embeddable":true,"href":"https:\/\/www.audens.es\/blog\/wp-json\/wp\/v2\/categories?post=1143"},{"taxonomy":"post_tag","embeddable":true,"href":"https:\/\/www.audens.es\/blog\/wp-json\/wp\/v2\/tags?post=1143"}],"curies":[{"name":"wp","href":"https:\/\/api.w.org\/{rel}","templated":true}]}}