{"id":1028,"date":"2012-05-11T14:40:28","date_gmt":"2012-05-11T12:40:28","guid":{"rendered":"http:\/\/www.audens.es\/blog\/?p=1028"},"modified":"2016-03-29T12:59:19","modified_gmt":"2016-03-29T10:59:19","slug":"operacion-bikini","status":"publish","type":"post","link":"https:\/\/www.audens.es\/blog\/operacion-bikini\/","title":{"rendered":"Operaci\u00f3n bikini"},"content":{"rendered":"<ul>\n<li>Luci: Mira la Mari, est\u00e1 estupenda. Claro, con esa gen\u00e9tica, si es que as\u00ed cualquiera, lo trae todo hecho.<\/li>\n<\/ul>\n<p>\u00bfReconocen esa frase en estas \u00e9pocas pre-veraniegas? Bastante \u00bfverdad? Si es que hay gente que est\u00e1 as\u00ed, estupend\u00edsima. De darse la vuelta a mirarlos por la calle, si me lo permiten. Vale, es verdad, a veces esta gente tiene un poco de ayuda en la \u201coperaci\u00f3n bikini\u201d previa, y a la frase anterior, se puede responder con un:<\/p>\n<ul>\n<li>Pepe: \u00a1Qu\u00e9 va, si he o\u00eddo que tiene un <em>personal trainer<\/em>, un nutricionista, un asesor de moda&#8230;! Y claro, as\u00ed es m\u00e1s f\u00e1cil. \u00bfno?<\/li>\n<li>Luci: \u00a1Huy, qu\u00e9 dices, si esos son todos unos cuenta cuentos! \u00a1Anda que voy a pagar yo para que me digan que haga flexiones o que no coma hamburguesas! \u00a1Si eso ya lo se yo! Ahora, cuando lleguemos a casa, nos hacemos una tabla de abdominales y ponemos en un papel que esta semana toca cenar ensalada&#8230;<\/li>\n<\/ul>\n<p>\u00bfY qu\u00e9 pasa? Pues que dos meses despu\u00e9s, Luci y Pepe siguen orondos y lustrosos, sin \u201ctip\u00edn\u201d, y teniendo m\u00e1s man\u00eda a\u00fan a \u00abla Mari\u00bb.<\/p>\n<p><strong>Nos gusta gustar, pero no es f\u00e1cil<\/strong>. Y lo mismo, pero lo mismito, pasa con la visibilidad e influencia de las empresas en el mundo online,\u00a0 y con el trabajo de los expertos en social media (SM, no confundir con Su Majestad, que se les crece el ego).<\/p>\n<p>Las empresas (como Luci) quieren que nos demos la vuelta a mirarlas por la calle, o lo que es lo mismo, tener miles de seguidores y personas que retuiteen y hagan clic en \u00abme gusta\u00bb en todo lo que publiquen. Y, para esto, pues pueden inventarse dietas de la ensalada nocturna (\u00abesto me lo hace el sobrino, que le gustan mucho los ordenadores\u00bb), o <strong>contratar los servicios de un profesional de social media<\/strong>. Por m\u00e1s que pueda parecer que su trabajo es \u201cdecirte que hagas flexiones y comas verdura\u201d, o lo que vendr\u00eda a ser \u201cponer cuatro anuncios aqu\u00ed y all\u00e1, dos fotos, un par de concursos y unos cuantos tuits de esos\u201d, lo cierto es que cada decisi\u00f3n est\u00e1 plagada de consideraciones y riesgos (de negocio y legales) que deben ser tenidos muy en cuenta.<\/p>\n<p>Al igual que un nutricionista sabe que no puede decirte que para estar delgado dejes de comer y te alimentes de los rayos del sol, o un entrenador que hagas 40 km al d\u00eda y 1000 flexiones, <strong>los profesionales del social media son conscientes de que no pueden (ni deben) aconsejar cualquier cosa<\/strong>, pensando \u00fanicamente en un resultado a corto plazo, sin preocuparse de la salud de su cliente a medio y largo. Y as\u00ed lo hacen.<\/p>\n<p><a title=\"Convenio Audens - Aerco, de asistencia jur\u00eddica para el profesional del social media\" href=\"http:\/\/www.aercomunidad.org\/2012\/04\/10\/anuncio-del-servicio-de-asesoria-juridica-para-socios-de-aerco-psm\/\">En nuestro trabajo diario<\/a> vemos, constantemente, las implicaciones legales a las que estos profesionales se enfrentan para lograr que sus clientes est\u00e9n \u201cen buena forma\u201d. <strong>Existen tantos tipos de contratos de social media como modelos de negocio, y tantas cl\u00e1usulas como riesgos.<\/strong> Para que se hagan una idea, les muestro algunas de las preguntas m\u00e1s habituales que nos plantean nuestros clientes: \u00bfde qui\u00e9n son los perfiles con los que trabaja un community manager? \u00bfPuedo colgar fotos de clientes en mi p\u00e1gina en Tuenti? \u00bfQu\u00e9 tengo que tener en cuenta para lanzar un concurso en Facebook? \u00bfPuedo utilizar fotos o v\u00eddeos colgados en otras p\u00e1ginas de Internet en mi perfil? Preguntas, todas ellas, que sirven a menudo para prevenir lesiones&#8230; o lo que es lo mismo, para que la AEPD o los tribunales no te caigan encima con sanciones o indemnizaciones de un par de toneladas.<\/p>\n<p>Al final, si todo se ha hecho bien, la empresa, como por arte de magia, ganar\u00e1 peso e influencia en su sector. Y las \u201cLucis\u201d y \u201cPepes\u201d de turno, la mirar\u00e1n con envidia, como diciendo \u201cNormal, si es que lo tiene todo hecho, as\u00ed cualquiera, con 200.000 followers&#8230;\u201d.<\/p>\n<p>Dec\u00eda uno de mis primeros entrenadores \u201cnadie se va a preocupar de lo que has sudado, sino de los puntos que has anotado\u201d. Pues eso, a sudar, a <strong>no lanzarse a lo loco a la Red sin una adecuada estrategia de social media<\/strong>,\u00a0 y a que nos miren con envidia&#8230; \u00absummer is coming\u00bb (perd\u00f3name <a href=\"http:\/\/es.wikipedia.org\/wiki\/George_R._R._Martin\">George<\/a> , ven\u00eda al caso)<\/p>\n","protected":false},"excerpt":{"rendered":"Los profesionales del social media son conscientes de las implicaciones, legales y de negocio, que conlleva su trabajo. <A CLASS=\"read-more\" HREF=\"https:\/\/www.audens.es\/blog\/operacion-bikini\/\">[+]<\/A>","protected":false},"author":3,"featured_media":1043,"comment_status":"open","ping_status":"open","sticky":false,"template":"","format":"standard","meta":{"footnotes":""},"categories":[7],"tags":[74,38,126],"class_list":["post-1028","post","type-post","status-publish","format-standard","has-post-thumbnail","hentry","category-publicidad","tag-redes-sociales","tag-reputacion-online","tag-social-media"],"_links":{"self":[{"href":"https:\/\/www.audens.es\/blog\/wp-json\/wp\/v2\/posts\/1028","targetHints":{"allow":["GET"]}}],"collection":[{"href":"https:\/\/www.audens.es\/blog\/wp-json\/wp\/v2\/posts"}],"about":[{"href":"https:\/\/www.audens.es\/blog\/wp-json\/wp\/v2\/types\/post"}],"author":[{"embeddable":true,"href":"https:\/\/www.audens.es\/blog\/wp-json\/wp\/v2\/users\/3"}],"replies":[{"embeddable":true,"href":"https:\/\/www.audens.es\/blog\/wp-json\/wp\/v2\/comments?post=1028"}],"version-history":[{"count":0,"href":"https:\/\/www.audens.es\/blog\/wp-json\/wp\/v2\/posts\/1028\/revisions"}],"wp:featuredmedia":[{"embeddable":true,"href":"https:\/\/www.audens.es\/blog\/wp-json\/wp\/v2\/media\/1043"}],"wp:attachment":[{"href":"https:\/\/www.audens.es\/blog\/wp-json\/wp\/v2\/media?parent=1028"}],"wp:term":[{"taxonomy":"category","embeddable":true,"href":"https:\/\/www.audens.es\/blog\/wp-json\/wp\/v2\/categories?post=1028"},{"taxonomy":"post_tag","embeddable":true,"href":"https:\/\/www.audens.es\/blog\/wp-json\/wp\/v2\/tags?post=1028"}],"curies":[{"name":"wp","href":"https:\/\/api.w.org\/{rel}","templated":true}]}}