{"id":1011,"date":"2012-04-24T16:00:14","date_gmt":"2012-04-24T14:00:14","guid":{"rendered":"http:\/\/www.audens.es\/blog\/?p=1011"},"modified":"2016-03-29T13:10:27","modified_gmt":"2016-03-29T11:10:27","slug":"eclipse-de-webs","status":"publish","type":"post","link":"https:\/\/www.audens.es\/blog\/eclipse-de-webs\/","title":{"rendered":"Eclipse de Webs"},"content":{"rendered":"<p>Es muy probable que hay\u00e1is tenido la oportunidad de ver, en alg\u00fan momento, <strong>un eclipse<\/strong> lunar, o incluso uno solar. El d\u00eda 26 de abril, tendremos la ocasi\u00f3n de ver como se eclipsa&#8230; \u00a1Internet! O, al menos, una parte de esa gran Red.<\/p>\n<p>Tranquilos, no nos hemos vuelto locos: esa fecha se celebra el <strong>D\u00eda Mundial de la Propiedad Intelectual e Industrial<\/strong>, y nos queremos unir a multitud de empresas e instituciones, nacionales e internacionales, con la intenci\u00f3n de transmitir un mensaje a la sociedad&#8230; \u00a1que de momento no os vamos a desvelar! Podr\u00e9is ver el eclipse desde las 9h y hasta las 20h del pr\u00f3ximo jueves, en <a href=\"http:\/\/www.marcastufuturo.com\/\">http:\/\/www.marcastufuturo.com\/<\/a>.<\/p>\n<p>Entretanto, hemos colocado un logo en nuestra cabecera anunciando que apoyamos la campa\u00f1a. En la p\u00e1gina anterior ten\u00e9is a vuestra disposici\u00f3n m\u00e1s informaci\u00f3n, y pod\u00e9is ver qu\u00e9 otras marcas se han incorporado al evento. \u00a1La cuenta atr\u00e1s est\u00e1 en marcha!<\/p>\n<p>&nbsp;<\/p>\n<p><strong>Actualizaci\u00f3n (30.04.2012)<\/strong><\/p>\n<p>La OEPM <a title=\"\u00c9xito rotundo del primer eclipse de webs de la historia\" href=\"http:\/\/www.oepm.es\/es\/sobre_oepm\/noticias\/2012\/2012_04_27_EclipseWebs.html\">califica de \u00ab\u00e9xito rotundo\u00bb<\/a> el primer Eclipse de Webs.<\/p>\n","protected":false},"excerpt":{"rendered":"Audens se suma al primer eclipse de webs <A CLASS=\"read-more\" HREF=\"https:\/\/www.audens.es\/blog\/eclipse-de-webs\/\">[+]<\/A>","protected":false},"author":1,"featured_media":1013,"comment_status":"open","ping_status":"open","sticky":false,"template":"","format":"standard","meta":{"footnotes":""},"categories":[4],"tags":[35],"class_list":["post-1011","post","type-post","status-publish","format-standard","has-post-thumbnail","hentry","category-propiedad_industrial","tag-marcas"],"_links":{"self":[{"href":"https:\/\/www.audens.es\/blog\/wp-json\/wp\/v2\/posts\/1011","targetHints":{"allow":["GET"]}}],"collection":[{"href":"https:\/\/www.audens.es\/blog\/wp-json\/wp\/v2\/posts"}],"about":[{"href":"https:\/\/www.audens.es\/blog\/wp-json\/wp\/v2\/types\/post"}],"author":[{"embeddable":true,"href":"https:\/\/www.audens.es\/blog\/wp-json\/wp\/v2\/users\/1"}],"replies":[{"embeddable":true,"href":"https:\/\/www.audens.es\/blog\/wp-json\/wp\/v2\/comments?post=1011"}],"version-history":[{"count":0,"href":"https:\/\/www.audens.es\/blog\/wp-json\/wp\/v2\/posts\/1011\/revisions"}],"wp:featuredmedia":[{"embeddable":true,"href":"https:\/\/www.audens.es\/blog\/wp-json\/wp\/v2\/media\/1013"}],"wp:attachment":[{"href":"https:\/\/www.audens.es\/blog\/wp-json\/wp\/v2\/media?parent=1011"}],"wp:term":[{"taxonomy":"category","embeddable":true,"href":"https:\/\/www.audens.es\/blog\/wp-json\/wp\/v2\/categories?post=1011"},{"taxonomy":"post_tag","embeddable":true,"href":"https:\/\/www.audens.es\/blog\/wp-json\/wp\/v2\/tags?post=1011"}],"curies":[{"name":"wp","href":"https:\/\/api.w.org\/{rel}","templated":true}]}}